{"id":249,"date":"2008-12-29T00:01:58","date_gmt":"2008-12-28T22:01:58","guid":{"rendered":"http:\/\/crlam.free.fr\/wp\/?p=249"},"modified":"2023-03-20T10:25:37","modified_gmt":"2023-03-20T09:25:37","slug":"sav-de-fonctionnaire-3","status":"publish","type":"post","link":"https:\/\/www.fenarinarsa.com\/?p=249","title":{"rendered":"SAV de fonctionnaire (3)"},"content":{"rendered":"<p>Jour 3&nbsp;: veille de No\u00ebl.<\/p>\n<p>Aaaaah&#8230; Et ben lev\u00e9 18h30, je crois que c&rsquo;est un record. Du coup pas de courses de derni\u00e8re minute, on va manger. Ouvrir les cadeaux. Et dormir.<\/p>\n<p>\nJour 4. No\u00ebl.<\/p>\n<p>Lev\u00e9 11h30 (faut pas d\u00e9conner y&rsquo;a des hu\u00eetres).<\/p>\n<p>Ah ouais mais merde, en fin d&rsquo;aprem je dois partir chez mon p\u00e8re pour le reste de mon s\u00e9jour. D\u00e9fi&nbsp;: tout faire marcher ce merdier de net en 3 heures. Ouais pas de probl\u00e8me, c&rsquo;est mon taf, \u00e7a me fait plaisir je suis en vacances, allez on rel\u00e8ve ses manches, on sort le Mac et on teste tous les adaptateurs.<\/p>\n<p>&#8230;<\/p>\n<p>\u00c7a marche sur le Mac, donc \u00e7a devrait marcher sur l&rsquo;un des deux autres PC.<\/p>\n<p>Et ben non.<\/p>\n<p>Pas de DHCP.<\/p>\n<p>Pas d&rsquo;adresse IP.<\/p>\n<p>&#8230;<\/p>\n<p>&#8230;quoi&nbsp;?<\/p>\n<p>Bon, mon Mac est en IP fixe, je d\u00e9clenche le client DHCP.<\/p>\n<p>Pas de DHCP non plus sur le Mac.<\/p>\n<p>&#8230;<\/p>\n<p>S\u0153ur Anne, que vois-tu venir ?<\/p>\n<p>Je vois venir un r\u00e9seau qui ne va pas marcher en 2009.<\/p>\n<p>\nBien. Calme. Je retourne voir le PC qui partage la connexion. Et \u00e0 c\u00f4t\u00e9, je vois un autre PC.<\/p>\n<p>Neuf.<\/p>\n<p>Juste une unit\u00e9 centrale.<\/p>\n<p>Inconnue.<\/p>\n<p>Flash : la veille un mec \u00e9tait sens\u00e9 venir installer un syst\u00e8me de backup \u00e0 distance pour le PC principal qui sert professionnellement.<\/p>\n<p>Et il l&rsquo;a install\u00e9.<\/p>\n<p>Avec un switch\/firewall manageable.<\/p>\n<p>Sur lequel il a branch\u00e9 tout le reste.<\/p>\n<p>&#8230;FUCK&nbsp;!<\/p>\n<p>Je branche mon Mac l\u00e0-dessus&#8230; ah ben non DHCP est parti en vacances aussi. Bon, tant pis je passe tous les PC en IP fixe. J&rsquo;en prends un, je le branche en direct sur le switch avant de faire la peau du dLAN, je le passe en IP fixe et&#8230; rien.<\/p>\n<p>Putain je vais tuer tout le monde.<\/p>\n<p>Je change le c\u00e2ble. Pareil.<\/p>\n<p>Je rechange le c\u00e2ble. Pareil.<\/p>\n<p>Bouin.<\/p>\n<p>Ok, \u00e0 tout hasard je change de strat\u00e9gie et je branche tous les dLAN dans la maison \u00e0 leurs emplacement respectifs&nbsp;: ils se voient&nbsp;! Magie de No\u00ebl&nbsp;! Mais Windows refuse toujours de faire communiquer les trois PC.<\/p>\n<p>Je vais voir le ma\u00eetre des lieux pour lui indiquer qu&rsquo;il serait bon de commander une Livebox. Par un hasard extraordinaire, c&rsquo;est ce qu&rsquo;avait dit le mec qui a install\u00e9 son merdier par-dessus le merdier d\u00e9j\u00e0 existant. Bon. Alors direction le site d&rsquo;Orange, changement d&rsquo;offre Pro. \u00c0 la commande il demande le RIB en indiquant \u00ab\u00a0si vous \u00eates abonn\u00e9, ignorez ces champs\u00a0\u00bb.<\/p>\n<p>&#8230;bon.<\/p>\n<p>Je suppose qu&rsquo;ils sont obligatoires (il y a une ast\u00e9risque), mais c&rsquo;est un abonn\u00e9 Orange, donc j&rsquo;ignore.<\/p>\n<p>R\u00e9ponse du site&nbsp;: \u00ab\u00a0Ah oui mais non, faut les remplir\u00a0\u00bb.<\/p>\n<p>\u00ab\u00a0Ben non, Site Web Orange, la directive 1 pr\u00e9empte sur la directive 2 et je t&#8217;emmerde.\u00a0\u00bb<\/p>\n<p>\u00ab\u00a0Oui mais je t&#8217;emmerde aussi en plus fort.\u00a0\u00bb<\/p>\n<p>Verdict&nbsp;: Site Web Orange, je suis fatigu\u00e9 et tu me casses les couilles. Pas question de donner un RIB pour qu&rsquo;ils s&rsquo;amusent \u00e0 d\u00e9biter deux abonnements. Tant pis. Le reste devra se faire sans moi, je pars chez mon p\u00e8re.<\/p>\n<p>\nArriv\u00e9 l\u00e0-bas&#8230; Oh, une Livebox&nbsp;!<\/p>\n<p>Mon c\u0153ur pleure de joie. Je ne pensais pas qu&rsquo;une Livebox me ferait cet effet-l\u00e0.<\/p>\n<p>Bon, c&rsquo;est pas tout \u00e7a mais il me faut la cl\u00e9 wifi. Au moment d&rsquo;entrer la cl\u00e9&#8230; WEP (quelle magnifique notion de s\u00e9curit\u00e9&nbsp;!), il faut appuyer sur un bouton ing\u00e9nieusement planqu\u00e9 SOUS la Livebox pour autoriser la nouvelle machine. Je m&rsquo;ex\u00e9cute&#8230; et la Livebox s&rsquo;amuse \u00e0 faire l&rsquo;arbre de No\u00ebl.<\/p>\n<p>&#8230;<\/p>\n<p>Oooooh. Merci, c&rsquo;est joliiii&#8230; mais j&rsquo;ai pas de connexion.<\/p>\n<p>Je recommence.<\/p>\n<p>Re-arbre de No\u00ebl.<\/p>\n<p>\nTroisi\u00e8me tentative.<\/p>\n<p>Arbre No\u00ebl.<\/p>\n<p>\nQuatri\u00e8me tentative.<\/p>\n<p>No\u00ebl.<\/p>\n<p>\n&#8230;<\/p>\n<p>Je veux rentrer chez moi&#8230;<\/p>\n<p>\nMon p\u00e8re vient me voir en me demandant pourquoi sa connexion a saut\u00e9. Je comprends que pour que je puisse me connecter, il faut que j&rsquo;appuie sur le BOUTON DE CONNEXION et pas sur le BOUTON RESET, qui a \u00e9t\u00e9 lui aussi ing\u00e9nieusement \u00e9t\u00e9 plac\u00e9 AU M\u00caME ENDROIT.<\/p>\n<p>Quel design amusant&nbsp;!<\/p>\n<p>J&rsquo;ai le net, tout va bien. Putain, c&rsquo;est de l&rsquo;ADSL 20Mbps. On est dans le M\u00e9doc \u00e0 40 bornes de Bordeaux, pendant la temp\u00eate de 1999 une ligne EDF est tomb\u00e9 et y&rsquo;a pas eu de courant pendant une semaine, et ici c&rsquo;est de l&rsquo;ADSL 20Mbps.<\/p>\n<p>Du coup, une id\u00e9e me traverse l&rsquo;esprit (en dehors des clous l&rsquo;imprudente)&nbsp;: et si je regardais Nolife&nbsp;? Ici il n&rsquo;y a pas la t\u00e9l\u00e9 par ADSL mais justement Nolife est disponible sur la Web TV d&rsquo;Orange.<\/p>\n<p>Bon, je prends mon Mac, j&rsquo;y vais, nickel, j&rsquo;y acc\u00e8de. Et l\u00e0 Site Web Orange me dit&nbsp;: \u00ab\u00a0Ah oui mais non y&rsquo;a pas de plugin pour lire la vid\u00e9o\u00a0\u00bb.<\/p>\n<p>Boooon, apparemment Firefox me demande le plugin VLC, donc je t\u00e9l\u00e9charge un vieux plugin VLC pour Firefox.<\/p>\n<p>Je retourne sur le site, Firefox crashe.<\/p>\n<p>Pas de violence, c&rsquo;est les vacances.<\/p>\n<p>Je v\u00e9rifie avoir bien install\u00e9 le plugin WMV pour QuickTime&#8230; oui oui, il y \u00e9tait. Je vais donc voir sur le PC de mon p\u00e8re qui m&rsquo;avait dit avoir d\u00e9j\u00e0 regard\u00e9 la cha\u00eene. L\u00e0 tout s&rsquo;explique&nbsp;: \u00e7a ne marche que sous Windows avec Windows Media Player 11 et tout le moteur DRM de merde install\u00e9. Bon, pour une cha\u00eene de geeks \u00e7a la fout mal, mais c&rsquo;est de la faute \u00e0 Orange pour le coup.<\/p>\n<p>Alors je clique, et l\u00e0&#8230; rien.<\/p>\n<p>Mon p\u00e8re me dit que c&rsquo;est normal, il faut attendre.<\/p>\n<p>Attendre.<\/p>\n<p>\nAttendre.<\/p>\n<p>Ah ben on les sent bien pour le coup les 20Mbps&#8230;<\/p>\n<p>\nAttendre.<\/p>\n<p>Attendre.<\/p>\n<p>\nAttendre.<\/p>\n<p>Ah, \u00e7a y est&nbsp;! La qualit\u00e9 est pas mal. Je clique sur le bouton \u00ab\u00a0plein \u00e9cran\u00a0\u00bb.<\/p>\n<p>Et l\u00e0, \u00e9cran noir.<\/p>\n<p>Mon p\u00e8re me dit que \u00e7a recharge tout et qu&rsquo;il faut attendre.<\/p>\n<p>Je suis fatigu\u00e9, je vais dormir.<\/p>\n","protected":false},"excerpt":{"rendered":"<p>Jour 3&nbsp;: veille de No\u00ebl. Aaaaah&#8230; Et ben lev\u00e9 18h30, je crois que c&rsquo;est un record. Du coup pas de courses de derni\u00e8re minute, on va manger. Ouvrir les cadeaux. Et dormir. Jour 4. No\u00ebl. Lev\u00e9 11h30 (faut pas d\u00e9conner y&rsquo;a des hu\u00eetres). Ah ouais mais merde, en fin d&rsquo;aprem je dois partir chez mon &hellip;<\/p>\n<p class=\"read-more\"> <a class=\"\" href=\"https:\/\/www.fenarinarsa.com\/?p=249\"> <span class=\"screen-reader-text\">SAV de fonctionnaire (3)<\/span> Lire la suite\u00a0\u00bb<\/a><\/p>\n","protected":false},"author":2,"featured_media":0,"comment_status":"closed","ping_status":"open","sticky":false,"template":"","format":"standard","meta":{"rop_custom_images_group":[],"rop_custom_messages_group":[],"rop_publish_now":"initial","rop_publish_now_accounts":[],"rop_publish_now_history":[],"rop_publish_now_status":"pending","site-sidebar-layout":"default","site-content-layout":"default","ast-global-header-display":"","ast-banner-title-visibility":"","ast-main-header-display":"","ast-hfb-above-header-display":"","ast-hfb-below-header-display":"","ast-hfb-mobile-header-display":"","site-post-title":"","ast-breadcrumbs-content":"","ast-featured-img":"","footer-sml-layout":"","theme-transparent-header-meta":"","adv-header-id-meta":"","stick-header-meta":"","header-above-stick-meta":"","header-main-stick-meta":"","header-below-stick-meta":"","footnotes":""},"categories":[1],"tags":[],"class_list":["post-249","post","type-post","status-publish","format-standard","hentry","category-general"],"yoast_head":"<!-- This site is optimized with the Yoast SEO plugin v27.2 - https:\/\/yoast.com\/product\/yoast-seo-wordpress\/ -->\n<title>SAV de fonctionnaire (3) - Coredump<\/title>\n<meta name=\"robots\" content=\"index, follow, max-snippet:-1, max-image-preview:large, max-video-preview:-1\" \/>\n<link rel=\"canonical\" href=\"https:\/\/www.fenarinarsa.com\/?p=249\" \/>\n<meta property=\"og:locale\" content=\"fr_FR\" \/>\n<meta property=\"og:type\" content=\"article\" \/>\n<meta property=\"og:title\" content=\"SAV de fonctionnaire (3) - Coredump\" \/>\n<meta property=\"og:description\" content=\"Jour 3&nbsp;: veille de No\u00ebl. Aaaaah&#8230; Et ben lev\u00e9 18h30, je crois que c&rsquo;est un record. Du coup pas de courses de derni\u00e8re minute, on va manger. Ouvrir les cadeaux. Et dormir. Jour 4. No\u00ebl. Lev\u00e9 11h30 (faut pas d\u00e9conner y&rsquo;a des hu\u00eetres). Ah ouais mais merde, en fin d&rsquo;aprem je dois partir chez mon &hellip; SAV de fonctionnaire (3) Lire la suite\u00a0\u00bb\" \/>\n<meta property=\"og:url\" content=\"https:\/\/www.fenarinarsa.com\/?p=249\" \/>\n<meta property=\"og:site_name\" content=\"Coredump\" \/>\n<meta property=\"article:published_time\" content=\"2008-12-28T22:01:58+00:00\" \/>\n<meta property=\"article:modified_time\" content=\"2023-03-20T09:25:37+00:00\" \/>\n<meta name=\"author\" content=\"Cyril Lambin\" \/>\n<meta name=\"twitter:card\" content=\"summary_large_image\" \/>\n<meta name=\"twitter:creator\" content=\"@fenarinarsa\" \/>\n<meta name=\"twitter:site\" content=\"@fenarinarsa\" \/>\n<meta name=\"twitter:label1\" content=\"\u00c9crit par\" \/>\n\t<meta name=\"twitter:data1\" content=\"Cyril Lambin\" \/>\n\t<meta name=\"twitter:label2\" content=\"Dur\u00e9e de lecture estim\u00e9e\" \/>\n\t<meta name=\"twitter:data2\" content=\"5 minutes\" \/>\n<script type=\"application\/ld+json\" class=\"yoast-schema-graph\">{\"@context\":\"https:\/\/schema.org\",\"@graph\":[{\"@type\":\"Article\",\"@id\":\"https:\/\/www.fenarinarsa.com\/?p=249#article\",\"isPartOf\":{\"@id\":\"https:\/\/www.fenarinarsa.com\/?p=249\"},\"author\":{\"name\":\"Cyril Lambin\",\"@id\":\"https:\/\/www.fenarinarsa.com\/#\/schema\/person\/80a26199aabcf306072d581606fb24e4\"},\"headline\":\"SAV de fonctionnaire (3)\",\"datePublished\":\"2008-12-28T22:01:58+00:00\",\"dateModified\":\"2023-03-20T09:25:37+00:00\",\"mainEntityOfPage\":{\"@id\":\"https:\/\/www.fenarinarsa.com\/?p=249\"},\"wordCount\":1029,\"articleSection\":[\"G\u00e9n\u00e9ral\"],\"inLanguage\":\"fr-FR\"},{\"@type\":\"WebPage\",\"@id\":\"https:\/\/www.fenarinarsa.com\/?p=249\",\"url\":\"https:\/\/www.fenarinarsa.com\/?p=249\",\"name\":\"SAV de fonctionnaire (3) - Coredump\",\"isPartOf\":{\"@id\":\"https:\/\/www.fenarinarsa.com\/#website\"},\"datePublished\":\"2008-12-28T22:01:58+00:00\",\"dateModified\":\"2023-03-20T09:25:37+00:00\",\"author\":{\"@id\":\"https:\/\/www.fenarinarsa.com\/#\/schema\/person\/80a26199aabcf306072d581606fb24e4\"},\"breadcrumb\":{\"@id\":\"https:\/\/www.fenarinarsa.com\/?p=249#breadcrumb\"},\"inLanguage\":\"fr-FR\",\"potentialAction\":[{\"@type\":\"ReadAction\",\"target\":[\"https:\/\/www.fenarinarsa.com\/?p=249\"]}]},{\"@type\":\"BreadcrumbList\",\"@id\":\"https:\/\/www.fenarinarsa.com\/?p=249#breadcrumb\",\"itemListElement\":[{\"@type\":\"ListItem\",\"position\":1,\"name\":\"Accueil\",\"item\":\"https:\/\/www.fenarinarsa.com\/\"},{\"@type\":\"ListItem\",\"position\":2,\"name\":\"SAV de fonctionnaire (3)\"}]},{\"@type\":\"WebSite\",\"@id\":\"https:\/\/www.fenarinarsa.com\/#website\",\"url\":\"https:\/\/www.fenarinarsa.com\/\",\"name\":\"Coredump\",\"description\":\"Le blog de Fenarinarsa, le pays du bonheur et des oiseaux qui font cui-cui.\",\"potentialAction\":[{\"@type\":\"SearchAction\",\"target\":{\"@type\":\"EntryPoint\",\"urlTemplate\":\"https:\/\/www.fenarinarsa.com\/?s={search_term_string}\"},\"query-input\":{\"@type\":\"PropertyValueSpecification\",\"valueRequired\":true,\"valueName\":\"search_term_string\"}}],\"inLanguage\":\"fr-FR\"},{\"@type\":\"Person\",\"@id\":\"https:\/\/www.fenarinarsa.com\/#\/schema\/person\/80a26199aabcf306072d581606fb24e4\",\"name\":\"Cyril Lambin\",\"image\":{\"@type\":\"ImageObject\",\"inLanguage\":\"fr-FR\",\"@id\":\"https:\/\/secure.gravatar.com\/avatar\/c3c1a506ae7c6720c92de38fcb90b4a4cfd9210af4f94de3604bb07987384f5d?s=96&d=mm&r=g\",\"url\":\"https:\/\/secure.gravatar.com\/avatar\/c3c1a506ae7c6720c92de38fcb90b4a4cfd9210af4f94de3604bb07987384f5d?s=96&d=mm&r=g\",\"contentUrl\":\"https:\/\/secure.gravatar.com\/avatar\/c3c1a506ae7c6720c92de38fcb90b4a4cfd9210af4f94de3604bb07987384f5d?s=96&d=mm&r=g\",\"caption\":\"Cyril Lambin\"},\"sameAs\":[\"https:\/\/fenarinarsa.com\"],\"url\":\"https:\/\/www.fenarinarsa.com\/?author=2\"}]}<\/script>\n<!-- \/ Yoast SEO plugin. -->","yoast_head_json":{"title":"SAV de fonctionnaire (3) - Coredump","robots":{"index":"index","follow":"follow","max-snippet":"max-snippet:-1","max-image-preview":"max-image-preview:large","max-video-preview":"max-video-preview:-1"},"canonical":"https:\/\/www.fenarinarsa.com\/?p=249","og_locale":"fr_FR","og_type":"article","og_title":"SAV de fonctionnaire (3) - Coredump","og_description":"Jour 3&nbsp;: veille de No\u00ebl. Aaaaah&#8230; Et ben lev\u00e9 18h30, je crois que c&rsquo;est un record. Du coup pas de courses de derni\u00e8re minute, on va manger. Ouvrir les cadeaux. Et dormir. Jour 4. No\u00ebl. Lev\u00e9 11h30 (faut pas d\u00e9conner y&rsquo;a des hu\u00eetres). Ah ouais mais merde, en fin d&rsquo;aprem je dois partir chez mon &hellip; SAV de fonctionnaire (3) Lire la suite\u00a0\u00bb","og_url":"https:\/\/www.fenarinarsa.com\/?p=249","og_site_name":"Coredump","article_published_time":"2008-12-28T22:01:58+00:00","article_modified_time":"2023-03-20T09:25:37+00:00","author":"Cyril Lambin","twitter_card":"summary_large_image","twitter_creator":"@fenarinarsa","twitter_site":"@fenarinarsa","twitter_misc":{"\u00c9crit par":"Cyril Lambin","Dur\u00e9e de lecture estim\u00e9e":"5 minutes"},"schema":{"@context":"https:\/\/schema.org","@graph":[{"@type":"Article","@id":"https:\/\/www.fenarinarsa.com\/?p=249#article","isPartOf":{"@id":"https:\/\/www.fenarinarsa.com\/?p=249"},"author":{"name":"Cyril Lambin","@id":"https:\/\/www.fenarinarsa.com\/#\/schema\/person\/80a26199aabcf306072d581606fb24e4"},"headline":"SAV de fonctionnaire (3)","datePublished":"2008-12-28T22:01:58+00:00","dateModified":"2023-03-20T09:25:37+00:00","mainEntityOfPage":{"@id":"https:\/\/www.fenarinarsa.com\/?p=249"},"wordCount":1029,"articleSection":["G\u00e9n\u00e9ral"],"inLanguage":"fr-FR"},{"@type":"WebPage","@id":"https:\/\/www.fenarinarsa.com\/?p=249","url":"https:\/\/www.fenarinarsa.com\/?p=249","name":"SAV de fonctionnaire (3) - Coredump","isPartOf":{"@id":"https:\/\/www.fenarinarsa.com\/#website"},"datePublished":"2008-12-28T22:01:58+00:00","dateModified":"2023-03-20T09:25:37+00:00","author":{"@id":"https:\/\/www.fenarinarsa.com\/#\/schema\/person\/80a26199aabcf306072d581606fb24e4"},"breadcrumb":{"@id":"https:\/\/www.fenarinarsa.com\/?p=249#breadcrumb"},"inLanguage":"fr-FR","potentialAction":[{"@type":"ReadAction","target":["https:\/\/www.fenarinarsa.com\/?p=249"]}]},{"@type":"BreadcrumbList","@id":"https:\/\/www.fenarinarsa.com\/?p=249#breadcrumb","itemListElement":[{"@type":"ListItem","position":1,"name":"Accueil","item":"https:\/\/www.fenarinarsa.com\/"},{"@type":"ListItem","position":2,"name":"SAV de fonctionnaire (3)"}]},{"@type":"WebSite","@id":"https:\/\/www.fenarinarsa.com\/#website","url":"https:\/\/www.fenarinarsa.com\/","name":"Coredump","description":"Le blog de Fenarinarsa, le pays du bonheur et des oiseaux qui font cui-cui.","potentialAction":[{"@type":"SearchAction","target":{"@type":"EntryPoint","urlTemplate":"https:\/\/www.fenarinarsa.com\/?s={search_term_string}"},"query-input":{"@type":"PropertyValueSpecification","valueRequired":true,"valueName":"search_term_string"}}],"inLanguage":"fr-FR"},{"@type":"Person","@id":"https:\/\/www.fenarinarsa.com\/#\/schema\/person\/80a26199aabcf306072d581606fb24e4","name":"Cyril Lambin","image":{"@type":"ImageObject","inLanguage":"fr-FR","@id":"https:\/\/secure.gravatar.com\/avatar\/c3c1a506ae7c6720c92de38fcb90b4a4cfd9210af4f94de3604bb07987384f5d?s=96&d=mm&r=g","url":"https:\/\/secure.gravatar.com\/avatar\/c3c1a506ae7c6720c92de38fcb90b4a4cfd9210af4f94de3604bb07987384f5d?s=96&d=mm&r=g","contentUrl":"https:\/\/secure.gravatar.com\/avatar\/c3c1a506ae7c6720c92de38fcb90b4a4cfd9210af4f94de3604bb07987384f5d?s=96&d=mm&r=g","caption":"Cyril Lambin"},"sameAs":["https:\/\/fenarinarsa.com"],"url":"https:\/\/www.fenarinarsa.com\/?author=2"}]}},"_links":{"self":[{"href":"https:\/\/www.fenarinarsa.com\/index.php?rest_route=\/wp\/v2\/posts\/249","targetHints":{"allow":["GET"]}}],"collection":[{"href":"https:\/\/www.fenarinarsa.com\/index.php?rest_route=\/wp\/v2\/posts"}],"about":[{"href":"https:\/\/www.fenarinarsa.com\/index.php?rest_route=\/wp\/v2\/types\/post"}],"author":[{"embeddable":true,"href":"https:\/\/www.fenarinarsa.com\/index.php?rest_route=\/wp\/v2\/users\/2"}],"replies":[{"embeddable":true,"href":"https:\/\/www.fenarinarsa.com\/index.php?rest_route=%2Fwp%2Fv2%2Fcomments&post=249"}],"version-history":[{"count":1,"href":"https:\/\/www.fenarinarsa.com\/index.php?rest_route=\/wp\/v2\/posts\/249\/revisions"}],"predecessor-version":[{"id":1876,"href":"https:\/\/www.fenarinarsa.com\/index.php?rest_route=\/wp\/v2\/posts\/249\/revisions\/1876"}],"wp:attachment":[{"href":"https:\/\/www.fenarinarsa.com\/index.php?rest_route=%2Fwp%2Fv2%2Fmedia&parent=249"}],"wp:term":[{"taxonomy":"category","embeddable":true,"href":"https:\/\/www.fenarinarsa.com\/index.php?rest_route=%2Fwp%2Fv2%2Fcategories&post=249"},{"taxonomy":"post_tag","embeddable":true,"href":"https:\/\/www.fenarinarsa.com\/index.php?rest_route=%2Fwp%2Fv2%2Ftags&post=249"}],"curies":[{"name":"wp","href":"https:\/\/api.w.org\/{rel}","templated":true}]}}