{"id":248,"date":"2008-12-28T00:01:58","date_gmt":"2008-12-27T22:01:58","guid":{"rendered":"http:\/\/crlam.free.fr\/wp\/?p=248"},"modified":"2023-03-20T10:25:37","modified_gmt":"2023-03-20T09:25:37","slug":"sav-de-fonctionnaire-2","status":"publish","type":"post","link":"https:\/\/www.fenarinarsa.com\/?p=248","title":{"rendered":"SAV de fonctionnaire (2)"},"content":{"rendered":"<p>Jour 2.<\/p>\n<p>Lev\u00e9 16h.<\/p>\n<p>Ouf, bien dormi pour le coup. Le modem d\u00e9croche plus&#8230; il fallait qu&rsquo;il se repose lui aussi. Probl\u00e8me&nbsp;: tout le r\u00e9seau de la maison est en dLAN (Ethernet par courant \u00e9lectrique porteur). Pour une raison inconnue les trois adaptateurs ont cess\u00e9 de se parler alors que les branchements \u00e9lectriques n&rsquo;ont pas \u00e9t\u00e9 modifi\u00e9s. Pas le temps de m&rsquo;en occuper, il faut faire les courses de No\u00ebl en mode tornade.<\/p>\n<p>D\u00eener (long).<\/p>\n<p>La nuit je modifie les branchements \u00e9lectrique de l&rsquo;adaptateur dLAN reli\u00e9 au PC qui partage sa connexion internet pour raccourcir au maximum le circuit \u00e9lectrique, \u00e7a marche toujours pas. Je branche tous les adaptateurs sur la m\u00eame multiprise&nbsp;: \u00e7a marche, ils se voient. Je reprogramme leur cl\u00e9 de cryptage et je les teste sur diverses prises.<\/p>\n<p>\u00c7a marche plus.<\/p>\n<p>Verdict temporaire&nbsp;: je suis fatigu\u00e9.<\/p>\n<p>Je branche mon Mac sur un des adaptateurs, il me dit que le c\u00e2ble est pas branch\u00e9.<\/p>\n<p>Verdict temporaire 2 : si les c\u00e2bles s&rsquo;y mettent aussi, je sens que \u00e7a va pas bien me plaire.<\/p>\n<p>J&rsquo;essaye un autre c\u00e2ble identique : pareil.<\/p>\n<p>En fait je me rends compte que ces c\u00e2bles ont l&rsquo;air d&rsquo;\u00eatre trop fins et qu&rsquo;une broche de la prise Ethernet de mon Mac n&rsquo;a plus autant de ressort que les autres.<\/p>\n<p>Bon.<\/p>\n<p>Je glisse un t-shirt sous le c\u00e2ble pour faire levier sur la connectique et le contact s&rsquo;\u00e9tablit. Bieeeen. Je fait du net, et dodo.<\/p>\n","protected":false},"excerpt":{"rendered":"<p>Jour 2. Lev\u00e9 16h. Ouf, bien dormi pour le coup. Le modem d\u00e9croche plus&#8230; il fallait qu&rsquo;il se repose lui aussi. Probl\u00e8me&nbsp;: tout le r\u00e9seau de la maison est en dLAN (Ethernet par courant \u00e9lectrique porteur). Pour une raison inconnue les trois adaptateurs ont cess\u00e9 de se parler alors que les branchements \u00e9lectriques n&rsquo;ont pas &hellip;<\/p>\n<p class=\"read-more\"> <a class=\"\" href=\"https:\/\/www.fenarinarsa.com\/?p=248\"> <span class=\"screen-reader-text\">SAV de fonctionnaire (2)<\/span> Lire la suite\u00a0\u00bb<\/a><\/p>\n","protected":false},"author":2,"featured_media":0,"comment_status":"closed","ping_status":"open","sticky":false,"template":"","format":"standard","meta":{"rop_custom_images_group":[],"rop_custom_messages_group":[],"rop_publish_now":"initial","rop_publish_now_accounts":[],"rop_publish_now_history":[],"rop_publish_now_status":"pending","site-sidebar-layout":"default","site-content-layout":"default","ast-global-header-display":"","ast-banner-title-visibility":"","ast-main-header-display":"","ast-hfb-above-header-display":"","ast-hfb-below-header-display":"","ast-hfb-mobile-header-display":"","site-post-title":"","ast-breadcrumbs-content":"","ast-featured-img":"","footer-sml-layout":"","theme-transparent-header-meta":"","adv-header-id-meta":"","stick-header-meta":"","header-above-stick-meta":"","header-main-stick-meta":"","header-below-stick-meta":"","footnotes":""},"categories":[1],"tags":[],"class_list":["post-248","post","type-post","status-publish","format-standard","hentry","category-general"],"yoast_head":"<!-- This site is optimized with the Yoast SEO plugin v27.2 - https:\/\/yoast.com\/product\/yoast-seo-wordpress\/ -->\n<title>SAV de fonctionnaire (2) - Coredump<\/title>\n<meta name=\"robots\" content=\"index, follow, max-snippet:-1, max-image-preview:large, max-video-preview:-1\" \/>\n<link rel=\"canonical\" href=\"https:\/\/www.fenarinarsa.com\/?p=248\" \/>\n<meta property=\"og:locale\" content=\"fr_FR\" \/>\n<meta property=\"og:type\" content=\"article\" \/>\n<meta property=\"og:title\" content=\"SAV de fonctionnaire (2) - Coredump\" \/>\n<meta property=\"og:description\" content=\"Jour 2. Lev\u00e9 16h. Ouf, bien dormi pour le coup. Le modem d\u00e9croche plus&#8230; il fallait qu&rsquo;il se repose lui aussi. Probl\u00e8me&nbsp;: tout le r\u00e9seau de la maison est en dLAN (Ethernet par courant \u00e9lectrique porteur). Pour une raison inconnue les trois adaptateurs ont cess\u00e9 de se parler alors que les branchements \u00e9lectriques n&rsquo;ont pas &hellip; SAV de fonctionnaire (2) Lire la suite\u00a0\u00bb\" \/>\n<meta property=\"og:url\" content=\"https:\/\/www.fenarinarsa.com\/?p=248\" \/>\n<meta property=\"og:site_name\" content=\"Coredump\" \/>\n<meta property=\"article:published_time\" content=\"2008-12-27T22:01:58+00:00\" \/>\n<meta property=\"article:modified_time\" content=\"2023-03-20T09:25:37+00:00\" \/>\n<meta name=\"author\" content=\"Cyril Lambin\" \/>\n<meta name=\"twitter:card\" content=\"summary_large_image\" \/>\n<meta name=\"twitter:creator\" content=\"@fenarinarsa\" \/>\n<meta name=\"twitter:site\" content=\"@fenarinarsa\" \/>\n<meta name=\"twitter:label1\" content=\"\u00c9crit par\" \/>\n\t<meta name=\"twitter:data1\" content=\"Cyril Lambin\" \/>\n\t<meta name=\"twitter:label2\" content=\"Dur\u00e9e de lecture estim\u00e9e\" \/>\n\t<meta name=\"twitter:data2\" content=\"1 minute\" \/>\n<script type=\"application\/ld+json\" class=\"yoast-schema-graph\">{\"@context\":\"https:\/\/schema.org\",\"@graph\":[{\"@type\":\"Article\",\"@id\":\"https:\/\/www.fenarinarsa.com\/?p=248#article\",\"isPartOf\":{\"@id\":\"https:\/\/www.fenarinarsa.com\/?p=248\"},\"author\":{\"name\":\"Cyril Lambin\",\"@id\":\"https:\/\/www.fenarinarsa.com\/#\/schema\/person\/80a26199aabcf306072d581606fb24e4\"},\"headline\":\"SAV de fonctionnaire (2)\",\"datePublished\":\"2008-12-27T22:01:58+00:00\",\"dateModified\":\"2023-03-20T09:25:37+00:00\",\"mainEntityOfPage\":{\"@id\":\"https:\/\/www.fenarinarsa.com\/?p=248\"},\"wordCount\":264,\"articleSection\":[\"G\u00e9n\u00e9ral\"],\"inLanguage\":\"fr-FR\"},{\"@type\":\"WebPage\",\"@id\":\"https:\/\/www.fenarinarsa.com\/?p=248\",\"url\":\"https:\/\/www.fenarinarsa.com\/?p=248\",\"name\":\"SAV de fonctionnaire (2) - Coredump\",\"isPartOf\":{\"@id\":\"https:\/\/www.fenarinarsa.com\/#website\"},\"datePublished\":\"2008-12-27T22:01:58+00:00\",\"dateModified\":\"2023-03-20T09:25:37+00:00\",\"author\":{\"@id\":\"https:\/\/www.fenarinarsa.com\/#\/schema\/person\/80a26199aabcf306072d581606fb24e4\"},\"breadcrumb\":{\"@id\":\"https:\/\/www.fenarinarsa.com\/?p=248#breadcrumb\"},\"inLanguage\":\"fr-FR\",\"potentialAction\":[{\"@type\":\"ReadAction\",\"target\":[\"https:\/\/www.fenarinarsa.com\/?p=248\"]}]},{\"@type\":\"BreadcrumbList\",\"@id\":\"https:\/\/www.fenarinarsa.com\/?p=248#breadcrumb\",\"itemListElement\":[{\"@type\":\"ListItem\",\"position\":1,\"name\":\"Accueil\",\"item\":\"https:\/\/www.fenarinarsa.com\/\"},{\"@type\":\"ListItem\",\"position\":2,\"name\":\"SAV de fonctionnaire (2)\"}]},{\"@type\":\"WebSite\",\"@id\":\"https:\/\/www.fenarinarsa.com\/#website\",\"url\":\"https:\/\/www.fenarinarsa.com\/\",\"name\":\"Coredump\",\"description\":\"Le blog de Fenarinarsa, le pays du bonheur et des oiseaux qui font cui-cui.\",\"potentialAction\":[{\"@type\":\"SearchAction\",\"target\":{\"@type\":\"EntryPoint\",\"urlTemplate\":\"https:\/\/www.fenarinarsa.com\/?s={search_term_string}\"},\"query-input\":{\"@type\":\"PropertyValueSpecification\",\"valueRequired\":true,\"valueName\":\"search_term_string\"}}],\"inLanguage\":\"fr-FR\"},{\"@type\":\"Person\",\"@id\":\"https:\/\/www.fenarinarsa.com\/#\/schema\/person\/80a26199aabcf306072d581606fb24e4\",\"name\":\"Cyril Lambin\",\"image\":{\"@type\":\"ImageObject\",\"inLanguage\":\"fr-FR\",\"@id\":\"https:\/\/secure.gravatar.com\/avatar\/c3c1a506ae7c6720c92de38fcb90b4a4cfd9210af4f94de3604bb07987384f5d?s=96&d=mm&r=g\",\"url\":\"https:\/\/secure.gravatar.com\/avatar\/c3c1a506ae7c6720c92de38fcb90b4a4cfd9210af4f94de3604bb07987384f5d?s=96&d=mm&r=g\",\"contentUrl\":\"https:\/\/secure.gravatar.com\/avatar\/c3c1a506ae7c6720c92de38fcb90b4a4cfd9210af4f94de3604bb07987384f5d?s=96&d=mm&r=g\",\"caption\":\"Cyril Lambin\"},\"sameAs\":[\"https:\/\/fenarinarsa.com\"],\"url\":\"https:\/\/www.fenarinarsa.com\/?author=2\"}]}<\/script>\n<!-- \/ Yoast SEO plugin. -->","yoast_head_json":{"title":"SAV de fonctionnaire (2) - Coredump","robots":{"index":"index","follow":"follow","max-snippet":"max-snippet:-1","max-image-preview":"max-image-preview:large","max-video-preview":"max-video-preview:-1"},"canonical":"https:\/\/www.fenarinarsa.com\/?p=248","og_locale":"fr_FR","og_type":"article","og_title":"SAV de fonctionnaire (2) - Coredump","og_description":"Jour 2. Lev\u00e9 16h. Ouf, bien dormi pour le coup. Le modem d\u00e9croche plus&#8230; il fallait qu&rsquo;il se repose lui aussi. Probl\u00e8me&nbsp;: tout le r\u00e9seau de la maison est en dLAN (Ethernet par courant \u00e9lectrique porteur). Pour une raison inconnue les trois adaptateurs ont cess\u00e9 de se parler alors que les branchements \u00e9lectriques n&rsquo;ont pas &hellip; SAV de fonctionnaire (2) Lire la suite\u00a0\u00bb","og_url":"https:\/\/www.fenarinarsa.com\/?p=248","og_site_name":"Coredump","article_published_time":"2008-12-27T22:01:58+00:00","article_modified_time":"2023-03-20T09:25:37+00:00","author":"Cyril Lambin","twitter_card":"summary_large_image","twitter_creator":"@fenarinarsa","twitter_site":"@fenarinarsa","twitter_misc":{"\u00c9crit par":"Cyril Lambin","Dur\u00e9e de lecture estim\u00e9e":"1 minute"},"schema":{"@context":"https:\/\/schema.org","@graph":[{"@type":"Article","@id":"https:\/\/www.fenarinarsa.com\/?p=248#article","isPartOf":{"@id":"https:\/\/www.fenarinarsa.com\/?p=248"},"author":{"name":"Cyril Lambin","@id":"https:\/\/www.fenarinarsa.com\/#\/schema\/person\/80a26199aabcf306072d581606fb24e4"},"headline":"SAV de fonctionnaire (2)","datePublished":"2008-12-27T22:01:58+00:00","dateModified":"2023-03-20T09:25:37+00:00","mainEntityOfPage":{"@id":"https:\/\/www.fenarinarsa.com\/?p=248"},"wordCount":264,"articleSection":["G\u00e9n\u00e9ral"],"inLanguage":"fr-FR"},{"@type":"WebPage","@id":"https:\/\/www.fenarinarsa.com\/?p=248","url":"https:\/\/www.fenarinarsa.com\/?p=248","name":"SAV de fonctionnaire (2) - Coredump","isPartOf":{"@id":"https:\/\/www.fenarinarsa.com\/#website"},"datePublished":"2008-12-27T22:01:58+00:00","dateModified":"2023-03-20T09:25:37+00:00","author":{"@id":"https:\/\/www.fenarinarsa.com\/#\/schema\/person\/80a26199aabcf306072d581606fb24e4"},"breadcrumb":{"@id":"https:\/\/www.fenarinarsa.com\/?p=248#breadcrumb"},"inLanguage":"fr-FR","potentialAction":[{"@type":"ReadAction","target":["https:\/\/www.fenarinarsa.com\/?p=248"]}]},{"@type":"BreadcrumbList","@id":"https:\/\/www.fenarinarsa.com\/?p=248#breadcrumb","itemListElement":[{"@type":"ListItem","position":1,"name":"Accueil","item":"https:\/\/www.fenarinarsa.com\/"},{"@type":"ListItem","position":2,"name":"SAV de fonctionnaire (2)"}]},{"@type":"WebSite","@id":"https:\/\/www.fenarinarsa.com\/#website","url":"https:\/\/www.fenarinarsa.com\/","name":"Coredump","description":"Le blog de Fenarinarsa, le pays du bonheur et des oiseaux qui font cui-cui.","potentialAction":[{"@type":"SearchAction","target":{"@type":"EntryPoint","urlTemplate":"https:\/\/www.fenarinarsa.com\/?s={search_term_string}"},"query-input":{"@type":"PropertyValueSpecification","valueRequired":true,"valueName":"search_term_string"}}],"inLanguage":"fr-FR"},{"@type":"Person","@id":"https:\/\/www.fenarinarsa.com\/#\/schema\/person\/80a26199aabcf306072d581606fb24e4","name":"Cyril Lambin","image":{"@type":"ImageObject","inLanguage":"fr-FR","@id":"https:\/\/secure.gravatar.com\/avatar\/c3c1a506ae7c6720c92de38fcb90b4a4cfd9210af4f94de3604bb07987384f5d?s=96&d=mm&r=g","url":"https:\/\/secure.gravatar.com\/avatar\/c3c1a506ae7c6720c92de38fcb90b4a4cfd9210af4f94de3604bb07987384f5d?s=96&d=mm&r=g","contentUrl":"https:\/\/secure.gravatar.com\/avatar\/c3c1a506ae7c6720c92de38fcb90b4a4cfd9210af4f94de3604bb07987384f5d?s=96&d=mm&r=g","caption":"Cyril Lambin"},"sameAs":["https:\/\/fenarinarsa.com"],"url":"https:\/\/www.fenarinarsa.com\/?author=2"}]}},"_links":{"self":[{"href":"https:\/\/www.fenarinarsa.com\/index.php?rest_route=\/wp\/v2\/posts\/248","targetHints":{"allow":["GET"]}}],"collection":[{"href":"https:\/\/www.fenarinarsa.com\/index.php?rest_route=\/wp\/v2\/posts"}],"about":[{"href":"https:\/\/www.fenarinarsa.com\/index.php?rest_route=\/wp\/v2\/types\/post"}],"author":[{"embeddable":true,"href":"https:\/\/www.fenarinarsa.com\/index.php?rest_route=\/wp\/v2\/users\/2"}],"replies":[{"embeddable":true,"href":"https:\/\/www.fenarinarsa.com\/index.php?rest_route=%2Fwp%2Fv2%2Fcomments&post=248"}],"version-history":[{"count":1,"href":"https:\/\/www.fenarinarsa.com\/index.php?rest_route=\/wp\/v2\/posts\/248\/revisions"}],"predecessor-version":[{"id":1877,"href":"https:\/\/www.fenarinarsa.com\/index.php?rest_route=\/wp\/v2\/posts\/248\/revisions\/1877"}],"wp:attachment":[{"href":"https:\/\/www.fenarinarsa.com\/index.php?rest_route=%2Fwp%2Fv2%2Fmedia&parent=248"}],"wp:term":[{"taxonomy":"category","embeddable":true,"href":"https:\/\/www.fenarinarsa.com\/index.php?rest_route=%2Fwp%2Fv2%2Fcategories&post=248"},{"taxonomy":"post_tag","embeddable":true,"href":"https:\/\/www.fenarinarsa.com\/index.php?rest_route=%2Fwp%2Fv2%2Ftags&post=248"}],"curies":[{"name":"wp","href":"https:\/\/api.w.org\/{rel}","templated":true}]}}