{"id":1032,"date":"2018-03-19T09:55:47","date_gmt":"2018-03-19T08:55:47","guid":{"rendered":"http:\/\/www.fenarinarsa.com\/?p=1032"},"modified":"2023-03-20T10:25:26","modified_gmt":"2023-03-20T09:25:26","slug":"lets-install-linux-conclusion","status":"publish","type":"post","link":"https:\/\/www.fenarinarsa.com\/?p=1032","title":{"rendered":"Let&rsquo;s Install Linux (conclusion)"},"content":{"rendered":"<p>Il y a quelques semaines, je me suis demand\u00e9 pourquoi j&rsquo;\u00e9tais encore en train d&rsquo;utiliser Windows sur mon ordinateur personnel.<\/p>\n<p>tl;dr: je reste sous Windows car Linux est incapable de g\u00e9rer des archives correctement en r\u00e9seau.<\/p>\n<p>La plupart des choses que je fais \u00e0 la maison c&rsquo;est, en gros :<\/p>\n<ul>\n<li>Allez sur le net dire des conneries<\/li>\n<li>R\u00e9pondre en disant des conneries<\/li>\n<li>Lire mes e-mails (un peu)<\/li>\n<li>Consulter, trier, cr\u00e9er des fichiers sur mon NAS<\/li>\n<\/ul>\n<p>Je joue tr\u00e8s peu sur PC. J&rsquo;ai aussi la suite Adobe, ce qui est emmerdant car elle n&rsquo;existe (toujours) pas sous Linux, et parfois j&rsquo;utilise Photoshop ou Premiere.<br \/>\nJ&rsquo;utilise aussi pas mal d&rsquo;\u00e9mulateurs, surtout Atari ST, dont un seul existe sous Linux. Et enfin, j&rsquo;utilise aussi des logiciels que j&rsquo;appelle \u00ab\u00a0de connard\u00a0\u00bb comme Vivaldi, parce qu&rsquo;il y a 2-3 trucs dedans que j&rsquo;aime bien. Du coup je dois retrouver un minimum de tout \u00e7a sous Linux.<br \/>\nDe plus je dois bien avouer que Windows 10, s&rsquo;il a apport\u00e9 pas mal de choses, a aussi apport\u00e9 un lot de chie incroyable. Le menu d\u00e9marrer ? \u00c0 jeter au feu, d\u00e9sormais. La recherche de fichiers ? Efficace que dans les souvenirs de mes grands-parents. Et surtout une incroyable capacit\u00e9 \u00e0 ramer pendant 4 heures d\u00e8s qu&rsquo;on ouvre un dossier contenant 10 vid\u00e9os, pour la raison suivante : \u00ab\u00a0je r\u00e9fl\u00e9chis\u00a0\u00bb.<\/p>\n<p>Linux, je connais plut\u00f4t bien, mais en tant qu&rsquo;administrateur de serveurs, et encore pas de top niveau (j&rsquo;ai pas une flotte de 1000 serveurs \u00e0 g\u00e9rer). La distribution que je connais c&rsquo;est Debian, j&rsquo;y suis chez moi, je sais aller configurer tout le merdier dans \/etc et compagnie. Mais en interface graphique, Linux, je suis un noob. On me demande quel soft pour \u00e9couter de la musique sous Linux, je r\u00e9ponds : \u00ab\u00a0euh&#8230; VLC ?\u00a0\u00bb.<\/p>\n<p>Ensuite, justement parce que je vais souvent aller farfouiller dans les entrailles des fichiers de configs de l&rsquo;OS quand il y a des probl\u00e8mes, si je mets un Linux chez moi, il est absolument hors de question que je passe une heure \u00e0 configurer un layout clavier ou bien \u00e0 trouver un mani\u00e8re d&rsquo;installer un logiciel quel qu&rsquo;il soit en copiant\/collant des scripts entiers \u00e0 partir du trou du cul du net, pour au finir pourrir tout l&rsquo;OS. Quand je rentre chez moi j&rsquo;ai une famille et mon temps disponible est tr\u00e8s limit\u00e9. La distrib doit marcher out of the box et les softs dont j&rsquo;ai besoin aussi.<\/p>\n<p>Il y a une quinzaine d&rsquo;ann\u00e9es, j&rsquo;avais tent\u00e9 le coup. Mais j&rsquo;avais arr\u00eat\u00e9 tr\u00e8s vite puisque j&rsquo;avais besoin de taper en japonais, et les connaisseurs savent \u00e0 quel point le support des langues non-latines a longtemps \u00e9t\u00e9 merdique sous Linux.<\/p>\n<p>Mais les distributions Linux ont beaucoup \u00e9volu\u00e9, il \u00e9tait donc temps que je m&rsquo;y replonge. Est-ce que j&rsquo;allais pouvoir avoir un \u00ab\u00a0Linux on desktop\u00a0\u00bb chez moi ?<\/p>\n<div id=\"ez-toc-container\" class=\"ez-toc-v2_0_82_1 counter-hierarchy ez-toc-counter ez-toc-grey ez-toc-container-direction\">\n<div class=\"ez-toc-title-container\">\n<p class=\"ez-toc-title\" style=\"cursor:inherit\">Table of Contents<\/p>\n<span class=\"ez-toc-title-toggle\"><a href=\"#\" class=\"ez-toc-pull-right ez-toc-btn ez-toc-btn-xs ez-toc-btn-default ez-toc-toggle\" aria-label=\"Toggle Table of Content\"><span class=\"ez-toc-js-icon-con\"><span class=\"\"><span class=\"eztoc-hide\" style=\"display:none;\">Toggle<\/span><span class=\"ez-toc-icon-toggle-span\"><svg style=\"fill: #999;color:#999\" xmlns=\"http:\/\/www.w3.org\/2000\/svg\" class=\"list-377408\" width=\"20px\" height=\"20px\" viewBox=\"0 0 24 24\" fill=\"none\"><path d=\"M6 6H4v2h2V6zm14 0H8v2h12V6zM4 11h2v2H4v-2zm16 0H8v2h12v-2zM4 16h2v2H4v-2zm16 0H8v2h12v-2z\" fill=\"currentColor\"><\/path><\/svg><svg style=\"fill: #999;color:#999\" class=\"arrow-unsorted-368013\" xmlns=\"http:\/\/www.w3.org\/2000\/svg\" width=\"10px\" height=\"10px\" viewBox=\"0 0 24 24\" version=\"1.2\" baseProfile=\"tiny\"><path d=\"M18.2 9.3l-6.2-6.3-6.2 6.3c-.2.2-.3.4-.3.7s.1.5.3.7c.2.2.4.3.7.3h11c.3 0 .5-.1.7-.3.2-.2.3-.5.3-.7s-.1-.5-.3-.7zM5.8 14.7l6.2 6.3 6.2-6.3c.2-.2.3-.5.3-.7s-.1-.5-.3-.7c-.2-.2-.4-.3-.7-.3h-11c-.3 0-.5.1-.7.3-.2.2-.3.5-.3.7s.1.5.3.7z\"\/><\/svg><\/span><\/span><\/span><\/a><\/span><\/div>\n<nav><ul class='ez-toc-list ez-toc-list-level-1 ' ><li class='ez-toc-page-1 ez-toc-heading-level-1'><a class=\"ez-toc-link ez-toc-heading-1\" href=\"https:\/\/www.fenarinarsa.com\/?p=1032\/#Quitter_Windows_pourquoi\" >Quitter Windows, pourquoi ?<\/a><\/li><li class='ez-toc-page-1 ez-toc-heading-level-1'><a class=\"ez-toc-link ez-toc-heading-2\" href=\"https:\/\/www.fenarinarsa.com\/?p=1032\/#La_Liste\" >La Liste<\/a><ul class='ez-toc-list-level-6' ><li class='ez-toc-heading-level-6'><ul class='ez-toc-list-level-6' ><li class='ez-toc-heading-level-6'><ul class='ez-toc-list-level-6' ><li class='ez-toc-heading-level-6'><ul class='ez-toc-list-level-6' ><li class='ez-toc-heading-level-6'><ul class='ez-toc-list-level-6' ><li class='ez-toc-heading-level-6'><a class=\"ez-toc-link ez-toc-heading-3\" href=\"https:\/\/www.fenarinarsa.com\/?p=1032\/#A_linstallation_le_layout_clavier_est-il_defini_avant_de_demander_le_mot_de_passe_wi-fi\" >\u00c0 l&rsquo;installation, le layout clavier est-il d\u00e9fini avant de demander le mot de passe wi-fi ?<\/a><\/li><li class='ez-toc-page-1 ez-toc-heading-level-6'><a class=\"ez-toc-link ez-toc-heading-4\" href=\"https:\/\/www.fenarinarsa.com\/?p=1032\/#A_linstallation_le_layout_clavier_est-il_bien_detecte\" >\u00c0 l&rsquo;installation le layout clavier est-il bien d\u00e9tect\u00e9 ?<\/a><\/li><li class='ez-toc-page-1 ez-toc-heading-level-6'><a class=\"ez-toc-link ez-toc-heading-5\" href=\"https:\/\/www.fenarinarsa.com\/?p=1032\/#Au_login_le_layout_clavier_defini_est-il_respecte\" >Au login, le layout clavier d\u00e9fini est-il respect\u00e9 ?<\/a><\/li><li class='ez-toc-page-1 ez-toc-heading-level-6'><a class=\"ez-toc-link ez-toc-heading-6\" href=\"https:\/\/www.fenarinarsa.com\/?p=1032\/#Le_bureau_possede-t-il_une_barre_unifiee\" >Le bureau poss\u00e8de-t-il une barre unifi\u00e9e ?<\/a><\/li><li class='ez-toc-page-1 ez-toc-heading-level-6'><a class=\"ez-toc-link ez-toc-heading-7\" href=\"https:\/\/www.fenarinarsa.com\/?p=1032\/#La_barre_unifiee_peut-elle_etre_positionnee_en_bas_de_lecran\" >La barre unifi\u00e9e peut-elle \u00eatre positionn\u00e9e en bas de l&rsquo;\u00e9cran ?<\/a><\/li><li class='ez-toc-page-1 ez-toc-heading-level-6'><a class=\"ez-toc-link ez-toc-heading-8\" href=\"https:\/\/www.fenarinarsa.com\/?p=1032\/#La_touche_Super_Windows_ouvre-t-elle_le_menu_principal_du_bureau\" >La touche Super (Windows) ouvre-t-elle le menu principal du bureau ?<\/a><\/li><li class='ez-toc-page-1 ez-toc-heading-level-6'><a class=\"ez-toc-link ez-toc-heading-9\" href=\"https:\/\/www.fenarinarsa.com\/?p=1032\/#Le_raccourci_Super-E_ouvre-t-il_le_gestionnaire_de_fichiers\" >Le raccourci Super-E ouvre-t-il le gestionnaire de fichiers ?<\/a><\/li><li class='ez-toc-page-1 ez-toc-heading-level-6'><a class=\"ez-toc-link ez-toc-heading-10\" href=\"https:\/\/www.fenarinarsa.com\/?p=1032\/#Le_gestionnaire_de_fichiers_possede-t-il_une_double_vue_arborescence_dossier_en_cours\" >Le gestionnaire de fichiers poss\u00e8de-t-il une double vue arborescence + dossier en cours ?<\/a><\/li><li class='ez-toc-page-1 ez-toc-heading-level-6'><a class=\"ez-toc-link ez-toc-heading-11\" href=\"https:\/\/www.fenarinarsa.com\/?p=1032\/#Y_a-t-il_un_menu_contextuel_%C2%AB_Ouvrir_un_Terminal%E2%80%A6_%C2%BB\" >Y a-t-il un menu contextuel \u00ab\u00a0Ouvrir un Terminal&#8230;\u00a0\u00bb<\/a><\/li><li class='ez-toc-page-1 ez-toc-heading-level-6'><a class=\"ez-toc-link ez-toc-heading-12\" href=\"https:\/\/www.fenarinarsa.com\/?p=1032\/#Le_gestionnaire_darchives_arrive-t-il_a_extraire_une_archive_situee_sur_mon_NAS_via_menu_contextuel_Extraire%E2%80%A6\" >Le gestionnaire d&rsquo;archives arrive-t-il \u00e0 extraire une archive situ\u00e9e sur mon NAS (via menu contextuel Extraire&#8230;) ?<\/a><\/li><li class='ez-toc-page-1 ez-toc-heading-level-6'><a class=\"ez-toc-link ez-toc-heading-13\" href=\"https:\/\/www.fenarinarsa.com\/?p=1032\/#Le_gestionnaire_darchives_arrive-t-il_a_decompresser_une_archive_qui_contient_des_fichiers_nommes_en_Japonais_en_UTF-8_et_en_S-JIS_via_menu_contextuel\" >Le gestionnaire d&rsquo;archives arrive-t-il \u00e0 d\u00e9compresser une archive qui contient des fichiers nomm\u00e9s en Japonais en UTF-8 et en S-JIS (via menu contextuel) ?<\/a><\/li><li class='ez-toc-page-1 ez-toc-heading-level-6'><a class=\"ez-toc-link ez-toc-heading-14\" href=\"https:\/\/www.fenarinarsa.com\/?p=1032\/#Le_gestionnaire_darchives_arrive-t-il_a_compresser_des_fichiers_nommes_en_japonais_via_menu_contextuel\" >Le gestionnaire d&rsquo;archives arrive-t-il \u00e0 compresser des fichiers nomm\u00e9s en japonais (via menu contextuel) ?<\/a><\/li><li class='ez-toc-page-1 ez-toc-heading-level-6'><a class=\"ez-toc-link ez-toc-heading-15\" href=\"https:\/\/www.fenarinarsa.com\/?p=1032\/#Lorsquune_archive_est_creee_a_partir_dune_selection_du_gestionnaire_de_fichier_le_gestionnaire_darchive_propose-t-il_un_nom_darchive_pertinent_par_ex_nom_du_dossier_parent\" >Lorsqu&rsquo;une archive est cr\u00e9\u00e9e \u00e0 partir d&rsquo;une s\u00e9lection du gestionnaire de fichier, le gestionnaire d&rsquo;archive propose-t-il un nom d&rsquo;archive pertinent (par ex. nom du dossier parent) ?<\/a><\/li><li class='ez-toc-page-1 ez-toc-heading-level-6'><a class=\"ez-toc-link ez-toc-heading-16\" href=\"https:\/\/www.fenarinarsa.com\/?p=1032\/#Le_gestionnaire_darchive_via_un_menu_contextuel_propose-t-il_de_compresser_en_cbz\" >Le gestionnaire d&rsquo;archive, via un menu contextuel, propose-t-il de compresser en cbz ?<\/a><\/li><li class='ez-toc-page-1 ez-toc-heading-level-6'><a class=\"ez-toc-link ez-toc-heading-17\" href=\"https:\/\/www.fenarinarsa.com\/?p=1032\/#unar_est-il_disponible\" >unar est-il disponible ?<\/a><\/li><li class='ez-toc-page-1 ez-toc-heading-level-6'><a class=\"ez-toc-link ez-toc-heading-18\" href=\"https:\/\/www.fenarinarsa.com\/?p=1032\/#unzip_permet-il_de_specifier_lencodage_de_larchive\" >unzip permet-il de sp\u00e9cifier l&rsquo;encodage de l&rsquo;archive ?<\/a><\/li><li class='ez-toc-page-1 ez-toc-heading-level-6'><a class=\"ez-toc-link ez-toc-heading-19\" href=\"https:\/\/www.fenarinarsa.com\/?p=1032\/#Y_a-t-il_un_store_dapplications\" >Y a-t-il un store d&rsquo;applications ?<\/a><\/li><li class='ez-toc-page-1 ez-toc-heading-level-6'><a class=\"ez-toc-link ez-toc-heading-20\" href=\"https:\/\/www.fenarinarsa.com\/?p=1032\/#Vivaldi_est-il_disponible\" >Vivaldi est-il disponible ?<\/a><\/li><li class='ez-toc-page-1 ez-toc-heading-level-6'><a class=\"ez-toc-link ez-toc-heading-21\" href=\"https:\/\/www.fenarinarsa.com\/?p=1032\/#Vivaldi_est-il_installe_avec_le_support_video_ffmpeg\" >Vivaldi est-il install\u00e9 avec le support vid\u00e9o ffmpeg ?<\/a><\/li><li class='ez-toc-page-1 ez-toc-heading-level-6'><a class=\"ez-toc-link ez-toc-heading-22\" href=\"https:\/\/www.fenarinarsa.com\/?p=1032\/#iBus_est-il_installe_ou_active\" >iBus est-il install\u00e9 ou activ\u00e9 ?<\/a><\/li><li class='ez-toc-page-1 ez-toc-heading-level-6'><a class=\"ez-toc-link ez-toc-heading-23\" href=\"https:\/\/www.fenarinarsa.com\/?p=1032\/#Anthy_est-il_disponible\" >Anthy est-il disponible ?<\/a><\/li><li class='ez-toc-page-1 ez-toc-heading-level-6'><a class=\"ez-toc-link ez-toc-heading-24\" href=\"https:\/\/www.fenarinarsa.com\/?p=1032\/#Les_drivers_et_softs_non-free_sont-ils_disponibles\" >Les drivers et softs non-free sont-ils disponibles ?<\/a><\/li><li class='ez-toc-page-1 ez-toc-heading-level-6'><a class=\"ez-toc-link ez-toc-heading-25\" href=\"https:\/\/www.fenarinarsa.com\/?p=1032\/#Discord_est-il_disponible\" >Discord est-il disponible ?<\/a><\/li><li class='ez-toc-page-1 ez-toc-heading-level-6'><a class=\"ez-toc-link ez-toc-heading-26\" href=\"https:\/\/www.fenarinarsa.com\/?p=1032\/#Teamviewer_est-il_disponible\" >Teamviewer est-il disponible ?<\/a><\/li><li class='ez-toc-page-1 ez-toc-heading-level-6'><a class=\"ez-toc-link ez-toc-heading-27\" href=\"https:\/\/www.fenarinarsa.com\/?p=1032\/#Wine_arrive-t-il_a_faire_tourner_XMedia_Recode\" >Wine arrive-t-il \u00e0 faire tourner XMedia Recode ?<\/a><\/li><li class='ez-toc-page-1 ez-toc-heading-level-6'><a class=\"ez-toc-link ez-toc-heading-28\" href=\"https:\/\/www.fenarinarsa.com\/?p=1032\/#LOS_est-il_bien_traduit_en_francais\" >L&rsquo;OS est-il bien traduit en fran\u00e7ais ?<\/a><\/li><li class='ez-toc-page-1 ez-toc-heading-level-6'><a class=\"ez-toc-link ez-toc-heading-29\" href=\"https:\/\/www.fenarinarsa.com\/?p=1032\/#Y_a-t-il_des_glitches_genants_graphique_etc\" >Y a-t-il des glitches g\u00eanants (graphique etc) ?<\/a><\/li><\/ul><\/li><\/ul><\/li><\/ul><\/li><\/ul><\/li><\/ul><\/li><li class='ez-toc-page-1 ez-toc-heading-level-1'><a class=\"ez-toc-link ez-toc-heading-30\" href=\"https:\/\/www.fenarinarsa.com\/?p=1032\/#Ubuntu_1710\" >Ubuntu 17.10<\/a><ul class='ez-toc-list-level-6' ><li class='ez-toc-heading-level-6'><ul class='ez-toc-list-level-6' ><li class='ez-toc-heading-level-6'><ul class='ez-toc-list-level-6' ><li class='ez-toc-heading-level-6'><ul class='ez-toc-list-level-6' ><li class='ez-toc-heading-level-6'><ul class='ez-toc-list-level-6' ><li class='ez-toc-heading-level-6'><a class=\"ez-toc-link ez-toc-heading-31\" href=\"https:\/\/www.fenarinarsa.com\/?p=1032\/#A_linstallation_le_layout_clavier_est-il_defini_avant_de_demander_le_mot_de_passe_wi-fi-2\" >\u00c0 l&rsquo;installation, le layout clavier est-il d\u00e9fini avant de demander le mot de passe wi-fi ?<\/a><\/li><li class='ez-toc-page-1 ez-toc-heading-level-6'><a class=\"ez-toc-link ez-toc-heading-32\" href=\"https:\/\/www.fenarinarsa.com\/?p=1032\/#A_linstallation_le_layout_clavier_est-il_bien_detecte-2\" >\u00c0 l&rsquo;installation le layout clavier est-il bien d\u00e9tect\u00e9 ?<\/a><\/li><li class='ez-toc-page-1 ez-toc-heading-level-6'><a class=\"ez-toc-link ez-toc-heading-33\" href=\"https:\/\/www.fenarinarsa.com\/?p=1032\/#Au_login_le_layout_clavier_defini_est-il_respecte-2\" >Au login, le layout clavier d\u00e9fini est-il respect\u00e9 ?<\/a><\/li><li class='ez-toc-page-1 ez-toc-heading-level-6'><a class=\"ez-toc-link ez-toc-heading-34\" href=\"https:\/\/www.fenarinarsa.com\/?p=1032\/#Le_bureau_possede-t-il_une_barre_unifiee-2\" >Le bureau poss\u00e8de-t-il une barre unifi\u00e9e ?<\/a><\/li><li class='ez-toc-page-1 ez-toc-heading-level-6'><a class=\"ez-toc-link ez-toc-heading-35\" href=\"https:\/\/www.fenarinarsa.com\/?p=1032\/#La_barre_unifiee_peut-elle_etre_positionnee_en_bas_de_lecran-2\" >La barre unifi\u00e9e peut-elle \u00eatre positionn\u00e9e en bas de l&rsquo;\u00e9cran ?<\/a><\/li><li class='ez-toc-page-1 ez-toc-heading-level-6'><a class=\"ez-toc-link ez-toc-heading-36\" href=\"https:\/\/www.fenarinarsa.com\/?p=1032\/#La_touche_Super_Windows_ouvre-t-elle_le_menu_principal_du_bureau-2\" >La touche Super (Windows) ouvre-t-elle le menu principal du bureau ?<\/a><\/li><li class='ez-toc-page-1 ez-toc-heading-level-6'><a class=\"ez-toc-link ez-toc-heading-37\" href=\"https:\/\/www.fenarinarsa.com\/?p=1032\/#Le_raccourci_Super-E_ouvre-t-il_le_gestionnaire_de_fichiers-2\" >Le raccourci Super-E ouvre-t-il le gestionnaire de fichiers ?<\/a><\/li><li class='ez-toc-page-1 ez-toc-heading-level-6'><a class=\"ez-toc-link ez-toc-heading-38\" href=\"https:\/\/www.fenarinarsa.com\/?p=1032\/#Le_gestionnaire_de_fichiers_possede-t-il_une_double_vue_arborescence_dossier_en_cours-2\" >Le gestionnaire de fichiers poss\u00e8de-t-il une double vue arborescence + dossier en cours ?<\/a><\/li><li class='ez-toc-page-1 ez-toc-heading-level-6'><a class=\"ez-toc-link ez-toc-heading-39\" href=\"https:\/\/www.fenarinarsa.com\/?p=1032\/#Y_a-t-il_un_menu_contextuel_%C2%AB_Ouvrir_un_Terminal%E2%80%A6_%C2%BB-2\" >Y a-t-il un menu contextuel \u00ab\u00a0Ouvrir un Terminal&#8230;\u00a0\u00bb ?<\/a><\/li><li class='ez-toc-page-1 ez-toc-heading-level-6'><a class=\"ez-toc-link ez-toc-heading-40\" href=\"https:\/\/www.fenarinarsa.com\/?p=1032\/#Le_gestionnaire_darchives_arrive-t-il_a_extraire_une_archive_situee_sur_mon_NAS_via_menu_contextuel_Extraire%E2%80%A6-2\" >Le gestionnaire d&rsquo;archives arrive-t-il \u00e0 extraire une archive situ\u00e9e sur mon NAS (via menu contextuel Extraire&#8230;) ?<\/a><\/li><li class='ez-toc-page-1 ez-toc-heading-level-6'><a class=\"ez-toc-link ez-toc-heading-41\" href=\"https:\/\/www.fenarinarsa.com\/?p=1032\/#Le_gestionnaire_darchives_arrive-t-il_a_decompresser_une_archive_qui_contient_des_fichiers_nommes_en_Japonais_en_UTF-8_et_en_S-JIS\" >Le gestionnaire d&rsquo;archives arrive-t-il \u00e0 d\u00e9compresser une archive qui contient des fichiers nomm\u00e9s en Japonais en UTF-8 et en S-JIS ?<\/a><\/li><li class='ez-toc-page-1 ez-toc-heading-level-6'><a class=\"ez-toc-link ez-toc-heading-42\" href=\"https:\/\/www.fenarinarsa.com\/?p=1032\/#Le_gestionnaire_darchives_arrive-t-il_a_compresser_des_fichiers_nommes_en_japonais_via_menu_contextuel-2\" >Le gestionnaire d&rsquo;archives arrive-t-il \u00e0 compresser des fichiers nomm\u00e9s en japonais (via menu contextuel) ?<\/a><\/li><li class='ez-toc-page-1 ez-toc-heading-level-6'><a class=\"ez-toc-link ez-toc-heading-43\" href=\"https:\/\/www.fenarinarsa.com\/?p=1032\/#Lorsquune_archive_est_creee_a_partir_dune_selection_du_gestionnaire_de_fichier_le_gestionnaire_darchive_propose-t-il_un_nom_darchive_pertinent\" >Lorsqu&rsquo;une archive est cr\u00e9\u00e9e \u00e0 partir d&rsquo;une s\u00e9lection du gestionnaire de fichier, le gestionnaire d&rsquo;archive propose-t-il un nom d&rsquo;archive pertinent ?<\/a><\/li><li class='ez-toc-page-1 ez-toc-heading-level-6'><a class=\"ez-toc-link ez-toc-heading-44\" href=\"https:\/\/www.fenarinarsa.com\/?p=1032\/#Le_gestionnaire_darchive_via_un_menu_contextuel_propose-t-il_de_compresser_en_cbz-2\" >Le gestionnaire d&rsquo;archive, via un menu contextuel, propose-t-il de compresser en cbz ?<\/a><\/li><li class='ez-toc-page-1 ez-toc-heading-level-6'><a class=\"ez-toc-link ez-toc-heading-45\" href=\"https:\/\/www.fenarinarsa.com\/?p=1032\/#unar_est-il_disponible-2\" >unar est-il disponible ?<\/a><\/li><li class='ez-toc-page-1 ez-toc-heading-level-6'><a class=\"ez-toc-link ez-toc-heading-46\" href=\"https:\/\/www.fenarinarsa.com\/?p=1032\/#unzip_permet-il_de_specifier_lencodage_de_larchive-2\" >unzip permet-il de sp\u00e9cifier l&rsquo;encodage de l&rsquo;archive ?<\/a><\/li><li class='ez-toc-page-1 ez-toc-heading-level-6'><a class=\"ez-toc-link ez-toc-heading-47\" href=\"https:\/\/www.fenarinarsa.com\/?p=1032\/#Y_a-t-il_un_store_dapplications-2\" >Y a-t-il un store d&rsquo;applications ?<\/a><\/li><li class='ez-toc-page-1 ez-toc-heading-level-6'><a class=\"ez-toc-link ez-toc-heading-48\" href=\"https:\/\/www.fenarinarsa.com\/?p=1032\/#Vivaldi_est-il_disponible-2\" >Vivaldi est-il disponible ?<\/a><\/li><li class='ez-toc-page-1 ez-toc-heading-level-6'><a class=\"ez-toc-link ez-toc-heading-49\" href=\"https:\/\/www.fenarinarsa.com\/?p=1032\/#Vivaldi_est-il_installe_avec_le_support_video_ffmpeg-2\" >Vivaldi est-il install\u00e9 avec le support vid\u00e9o ffmpeg ?<\/a><\/li><li class='ez-toc-page-1 ez-toc-heading-level-6'><a class=\"ez-toc-link ez-toc-heading-50\" href=\"https:\/\/www.fenarinarsa.com\/?p=1032\/#iBus_est-il_installe_et_active\" >iBus est-il install\u00e9 et activ\u00e9 ?<\/a><\/li><li class='ez-toc-page-1 ez-toc-heading-level-6'><a class=\"ez-toc-link ez-toc-heading-51\" href=\"https:\/\/www.fenarinarsa.com\/?p=1032\/#Anthy_est-il_disponible-2\" >Anthy est-il disponible ?<\/a><\/li><li class='ez-toc-page-1 ez-toc-heading-level-6'><a class=\"ez-toc-link ez-toc-heading-52\" href=\"https:\/\/www.fenarinarsa.com\/?p=1032\/#Les_drivers_et_softs_non-free_sont-ils_disponibles-2\" >Les drivers et softs non-free sont-ils disponibles ?<\/a><\/li><li class='ez-toc-page-1 ez-toc-heading-level-6'><a class=\"ez-toc-link ez-toc-heading-53\" href=\"https:\/\/www.fenarinarsa.com\/?p=1032\/#Discord_est-il_disponible-2\" >Discord est-il disponible ?<\/a><\/li><li class='ez-toc-page-1 ez-toc-heading-level-6'><a class=\"ez-toc-link ez-toc-heading-54\" href=\"https:\/\/www.fenarinarsa.com\/?p=1032\/#Teamviewer_est-il_disponible-2\" >Teamviewer est-il disponible ?<\/a><\/li><li class='ez-toc-page-1 ez-toc-heading-level-6'><a class=\"ez-toc-link ez-toc-heading-55\" href=\"https:\/\/www.fenarinarsa.com\/?p=1032\/#Wine_arrive-t-il_a_faire_tourner_XMedia_Recode-2\" >Wine arrive-t-il \u00e0 faire tourner XMedia Recode ?<\/a><\/li><li class='ez-toc-page-1 ez-toc-heading-level-6'><a class=\"ez-toc-link ez-toc-heading-56\" href=\"https:\/\/www.fenarinarsa.com\/?p=1032\/#LOS_est-il_bien_traduit_en_francais-2\" >L&rsquo;OS est-il bien traduit en fran\u00e7ais ?<\/a><\/li><li class='ez-toc-page-1 ez-toc-heading-level-6'><a class=\"ez-toc-link ez-toc-heading-57\" href=\"https:\/\/www.fenarinarsa.com\/?p=1032\/#Y_a-t-il_des_glitches_genants\" >Y a-t-il des glitches g\u00eanants ?<\/a><\/li><\/ul><\/li><\/ul><\/li><\/ul><\/li><\/ul><\/li><\/ul><\/li><li class='ez-toc-page-1 ez-toc-heading-level-1'><a class=\"ez-toc-link ez-toc-heading-58\" href=\"https:\/\/www.fenarinarsa.com\/?p=1032\/#Xubuntu_17101\" >Xubuntu 17.10.1<\/a><ul class='ez-toc-list-level-6' ><li class='ez-toc-heading-level-6'><ul class='ez-toc-list-level-6' ><li class='ez-toc-heading-level-6'><ul class='ez-toc-list-level-6' ><li class='ez-toc-heading-level-6'><ul class='ez-toc-list-level-6' ><li class='ez-toc-heading-level-6'><ul class='ez-toc-list-level-6' ><li class='ez-toc-heading-level-6'><a class=\"ez-toc-link ez-toc-heading-59\" href=\"https:\/\/www.fenarinarsa.com\/?p=1032\/#A_linstallation_le_layout_clavier_est-il_defini_avant_de_demander_le_mot_de_passe_wi-fi-3\" >\u00c0 l&rsquo;installation, le layout clavier est-il d\u00e9fini avant de demander le mot de passe wi-fi ?<\/a><\/li><li class='ez-toc-page-1 ez-toc-heading-level-6'><a class=\"ez-toc-link ez-toc-heading-60\" href=\"https:\/\/www.fenarinarsa.com\/?p=1032\/#A_linstallation_le_layout_clavier_est-il_bien_detecte-3\" >\u00c0 l&rsquo;installation le layout clavier est-il bien d\u00e9tect\u00e9 ?<\/a><\/li><li class='ez-toc-page-1 ez-toc-heading-level-6'><a class=\"ez-toc-link ez-toc-heading-61\" href=\"https:\/\/www.fenarinarsa.com\/?p=1032\/#Au_login_le_layout_clavier_defini_est-il_respecte-3\" >Au login, le layout clavier d\u00e9fini est-il respect\u00e9 ?<\/a><\/li><li class='ez-toc-page-1 ez-toc-heading-level-6'><a class=\"ez-toc-link ez-toc-heading-62\" href=\"https:\/\/www.fenarinarsa.com\/?p=1032\/#Le_bureau_possede-t-il_une_barre_unifiee-3\" >Le bureau poss\u00e8de-t-il une barre unifi\u00e9e ?<\/a><\/li><li class='ez-toc-page-1 ez-toc-heading-level-6'><a class=\"ez-toc-link ez-toc-heading-63\" href=\"https:\/\/www.fenarinarsa.com\/?p=1032\/#La_barre_unifiee_peut-elle_etre_positionnee_en_bas_de_lecran-3\" >La barre unifi\u00e9e peut-elle \u00eatre positionn\u00e9e en bas de l&rsquo;\u00e9cran ?<\/a><\/li><li class='ez-toc-page-1 ez-toc-heading-level-6'><a class=\"ez-toc-link ez-toc-heading-64\" href=\"https:\/\/www.fenarinarsa.com\/?p=1032\/#La_touche_Super_Windows_ouvre-t-elle_le_menu_principal_du_bureau-3\" >La touche Super (Windows) ouvre-t-elle le menu principal du bureau ?<\/a><\/li><li class='ez-toc-page-1 ez-toc-heading-level-6'><a class=\"ez-toc-link ez-toc-heading-65\" href=\"https:\/\/www.fenarinarsa.com\/?p=1032\/#Le_raccourci_Super-E_ouvre-t-il_le_gestionnaire_de_fichiers-3\" >Le raccourci Super-E ouvre-t-il le gestionnaire de fichiers ?<\/a><\/li><li class='ez-toc-page-1 ez-toc-heading-level-6'><a class=\"ez-toc-link ez-toc-heading-66\" href=\"https:\/\/www.fenarinarsa.com\/?p=1032\/#Le_gestionnaire_de_fichiers_possede-t-il_une_double_vue_arborescence_dossier_en_cours-3\" >Le gestionnaire de fichiers poss\u00e8de-t-il une double vue arborescence + dossier en cours ?<\/a><\/li><li class='ez-toc-page-1 ez-toc-heading-level-6'><a class=\"ez-toc-link ez-toc-heading-67\" href=\"https:\/\/www.fenarinarsa.com\/?p=1032\/#Y_a-t-il_un_menu_contextuel_%C2%AB_Ouvrir_un_Terminal%E2%80%A6_%C2%BB-3\" >Y a-t-il un menu contextuel \u00ab\u00a0Ouvrir un Terminal&#8230;\u00a0\u00bb<\/a><\/li><li class='ez-toc-page-1 ez-toc-heading-level-6'><a class=\"ez-toc-link ez-toc-heading-68\" href=\"https:\/\/www.fenarinarsa.com\/?p=1032\/#Le_gestionnaire_darchives_arrive-t-il_a_extraire_une_archive_situee_sur_mon_NAS_via_menu_contextuel_Extraire%E2%80%A6-3\" >Le gestionnaire d&rsquo;archives arrive-t-il \u00e0 extraire une archive situ\u00e9e sur mon NAS (via menu contextuel Extraire&#8230;) ?<\/a><\/li><li class='ez-toc-page-1 ez-toc-heading-level-6'><a class=\"ez-toc-link ez-toc-heading-69\" href=\"https:\/\/www.fenarinarsa.com\/?p=1032\/#Le_gestionnaire_darchives_arrive-t-il_a_decompresser_une_archive_qui_contient_des_fichiers_nommes_en_Japonais_en_UTF-8_et_en_S-JIS_vie_menu_contextuel\" >Le gestionnaire d&rsquo;archives arrive-t-il \u00e0 d\u00e9compresser une archive qui contient des fichiers nomm\u00e9s en Japonais en UTF-8 et en S-JIS (vie menu contextuel) ?<\/a><\/li><li class='ez-toc-page-1 ez-toc-heading-level-6'><a class=\"ez-toc-link ez-toc-heading-70\" href=\"https:\/\/www.fenarinarsa.com\/?p=1032\/#Le_gestionnaire_darchives_arrive-t-il_a_compresser_des_fichiers_nommes_en_japonais_via_menu_contextuel-3\" >Le gestionnaire d&rsquo;archives arrive-t-il \u00e0 compresser des fichiers nomm\u00e9s en japonais (via menu contextuel) ?<\/a><\/li><li class='ez-toc-page-1 ez-toc-heading-level-6'><a class=\"ez-toc-link ez-toc-heading-71\" href=\"https:\/\/www.fenarinarsa.com\/?p=1032\/#Lorsquune_archive_est_creee_a_partir_dune_selection_du_gestionnaire_de_fichier_le_gestionnaire_darchive_propose-t-il_un_nom_darchive_pertinent-2\" >Lorsqu&rsquo;une archive est cr\u00e9\u00e9e \u00e0 partir d&rsquo;une s\u00e9lection du gestionnaire de fichier, le gestionnaire d&rsquo;archive propose-t-il un nom d&rsquo;archive pertinent ?<\/a><\/li><li class='ez-toc-page-1 ez-toc-heading-level-6'><a class=\"ez-toc-link ez-toc-heading-72\" href=\"https:\/\/www.fenarinarsa.com\/?p=1032\/#Le_gestionnaire_darchive_via_un_menu_contextuel_propose-t-il_de_compresser_en_cbz-3\" >Le gestionnaire d&rsquo;archive, via un menu contextuel, propose-t-il de compresser en cbz ?<\/a><\/li><li class='ez-toc-page-1 ez-toc-heading-level-6'><a class=\"ez-toc-link ez-toc-heading-73\" href=\"https:\/\/www.fenarinarsa.com\/?p=1032\/#unar_est-il_disponible-3\" >unar est-il disponible ?<\/a><\/li><li class='ez-toc-page-1 ez-toc-heading-level-6'><a class=\"ez-toc-link ez-toc-heading-74\" href=\"https:\/\/www.fenarinarsa.com\/?p=1032\/#unzip_permet-il_de_specifier_lencodage_de_larchive-3\" >unzip permet-il de sp\u00e9cifier l&rsquo;encodage de l&rsquo;archive ?<\/a><\/li><li class='ez-toc-page-1 ez-toc-heading-level-6'><a class=\"ez-toc-link ez-toc-heading-75\" href=\"https:\/\/www.fenarinarsa.com\/?p=1032\/#Y_a-t-il_un_store_dapplications-3\" >Y a-t-il un store d&rsquo;applications ?<\/a><\/li><li class='ez-toc-page-1 ez-toc-heading-level-6'><a class=\"ez-toc-link ez-toc-heading-76\" href=\"https:\/\/www.fenarinarsa.com\/?p=1032\/#Vivaldi_est-il_disponible-3\" >Vivaldi est-il disponible ?<\/a><\/li><li class='ez-toc-page-1 ez-toc-heading-level-6'><a class=\"ez-toc-link ez-toc-heading-77\" href=\"https:\/\/www.fenarinarsa.com\/?p=1032\/#Vivaldi_est-il_installe_avec_le_support_video_ffmpeg-3\" >Vivaldi est-il install\u00e9 avec le support vid\u00e9o ffmpeg ?<\/a><\/li><li class='ez-toc-page-1 ez-toc-heading-level-6'><a class=\"ez-toc-link ez-toc-heading-78\" href=\"https:\/\/www.fenarinarsa.com\/?p=1032\/#iBus_est-il_installe_et_active-2\" >iBus est-il install\u00e9 et activ\u00e9 ?<\/a><\/li><li class='ez-toc-page-1 ez-toc-heading-level-6'><a class=\"ez-toc-link ez-toc-heading-79\" href=\"https:\/\/www.fenarinarsa.com\/?p=1032\/#Anthy_est-il_disponible-3\" >Anthy est-il disponible ?<\/a><\/li><li class='ez-toc-page-1 ez-toc-heading-level-6'><a class=\"ez-toc-link ez-toc-heading-80\" href=\"https:\/\/www.fenarinarsa.com\/?p=1032\/#Les_drivers_et_softs_non-free_sont-ils_disponibles-3\" >Les drivers et softs non-free sont-ils disponibles ?<\/a><\/li><li class='ez-toc-page-1 ez-toc-heading-level-6'><a class=\"ez-toc-link ez-toc-heading-81\" href=\"https:\/\/www.fenarinarsa.com\/?p=1032\/#Discord_est-il_disponible-3\" >Discord est-il disponible ?<\/a><\/li><li class='ez-toc-page-1 ez-toc-heading-level-6'><a class=\"ez-toc-link ez-toc-heading-82\" href=\"https:\/\/www.fenarinarsa.com\/?p=1032\/#Teamviewer_est-il_disponible-3\" >Teamviewer est-il disponible ?<\/a><\/li><li class='ez-toc-page-1 ez-toc-heading-level-6'><a class=\"ez-toc-link ez-toc-heading-83\" href=\"https:\/\/www.fenarinarsa.com\/?p=1032\/#Wine_arrive-t-il_a_faire_tourner_XMedia_Recode-3\" >Wine arrive-t-il \u00e0 faire tourner XMedia Recode ?<\/a><\/li><li class='ez-toc-page-1 ez-toc-heading-level-6'><a class=\"ez-toc-link ez-toc-heading-84\" href=\"https:\/\/www.fenarinarsa.com\/?p=1032\/#LOS_est-il_bien_traduit_en_francais-3\" >L&rsquo;OS est-il bien traduit en fran\u00e7ais ?<\/a><\/li><li class='ez-toc-page-1 ez-toc-heading-level-6'><a class=\"ez-toc-link ez-toc-heading-85\" href=\"https:\/\/www.fenarinarsa.com\/?p=1032\/#Y_a-t-il_des_glitches_genants-2\" >Y a-t-il des glitches g\u00eanants ?<\/a><\/li><\/ul><\/li><\/ul><\/li><\/ul><\/li><\/ul><\/li><\/ul><\/li><li class='ez-toc-page-1 ez-toc-heading-level-1'><a class=\"ez-toc-link ez-toc-heading-86\" href=\"https:\/\/www.fenarinarsa.com\/?p=1032\/#KDE_Neon_2018-03-01\" >KDE Neon 2018-03-01<\/a><ul class='ez-toc-list-level-6' ><li class='ez-toc-heading-level-6'><ul class='ez-toc-list-level-6' ><li class='ez-toc-heading-level-6'><ul class='ez-toc-list-level-6' ><li class='ez-toc-heading-level-6'><ul class='ez-toc-list-level-6' ><li class='ez-toc-heading-level-6'><ul class='ez-toc-list-level-6' ><li class='ez-toc-heading-level-6'><a class=\"ez-toc-link ez-toc-heading-87\" href=\"https:\/\/www.fenarinarsa.com\/?p=1032\/#A_linstallation_le_layout_clavier_est-il_defini_avant_de_demander_le_mot_de_passe_wi-fi-4\" >\u00c0 l&rsquo;installation, le layout clavier est-il d\u00e9fini avant de demander le mot de passe wi-fi ?<\/a><\/li><li class='ez-toc-page-1 ez-toc-heading-level-6'><a class=\"ez-toc-link ez-toc-heading-88\" href=\"https:\/\/www.fenarinarsa.com\/?p=1032\/#A_linstallation_le_layout_clavier_est-il_bien_detecte-4\" >\u00c0 l&rsquo;installation le layout clavier est-il bien d\u00e9tect\u00e9 ?<\/a><\/li><li class='ez-toc-page-1 ez-toc-heading-level-6'><a class=\"ez-toc-link ez-toc-heading-89\" href=\"https:\/\/www.fenarinarsa.com\/?p=1032\/#Au_login_le_layout_clavier_defini_est-il_respecte-4\" >Au login, le layout clavier d\u00e9fini est-il respect\u00e9 ?<\/a><\/li><li class='ez-toc-page-1 ez-toc-heading-level-6'><a class=\"ez-toc-link ez-toc-heading-90\" href=\"https:\/\/www.fenarinarsa.com\/?p=1032\/#Le_bureau_possede-t-il_une_barre_unifiee-4\" >Le bureau poss\u00e8de-t-il une barre unifi\u00e9e ?<\/a><\/li><li class='ez-toc-page-1 ez-toc-heading-level-6'><a class=\"ez-toc-link ez-toc-heading-91\" href=\"https:\/\/www.fenarinarsa.com\/?p=1032\/#La_barre_unifiee_peut-elle_etre_positionnee_en_bas_de_lecran-4\" >La barre unifi\u00e9e peut-elle \u00eatre positionn\u00e9e en bas de l&rsquo;\u00e9cran ?<\/a><\/li><li class='ez-toc-page-1 ez-toc-heading-level-6'><a class=\"ez-toc-link ez-toc-heading-92\" href=\"https:\/\/www.fenarinarsa.com\/?p=1032\/#La_touche_Super_Windows_ouvre-t-elle_le_menu_principal_du_bureau-4\" >La touche Super (Windows) ouvre-t-elle le menu principal du bureau ?<\/a><\/li><li class='ez-toc-page-1 ez-toc-heading-level-6'><a class=\"ez-toc-link ez-toc-heading-93\" href=\"https:\/\/www.fenarinarsa.com\/?p=1032\/#Le_raccourci_Super-E_ouvre-t-il_le_gestionnaire_de_fichiers-4\" >Le raccourci Super-E ouvre-t-il le gestionnaire de fichiers ?<\/a><\/li><li class='ez-toc-page-1 ez-toc-heading-level-6'><a class=\"ez-toc-link ez-toc-heading-94\" href=\"https:\/\/www.fenarinarsa.com\/?p=1032\/#Le_gestionnaire_de_fichiers_possede-t-il_une_double_vue_arborescence_dossier_en_cours-4\" >Le gestionnaire de fichiers poss\u00e8de-t-il une double vue arborescence + dossier en cours ?<\/a><\/li><li class='ez-toc-page-1 ez-toc-heading-level-6'><a class=\"ez-toc-link ez-toc-heading-95\" href=\"https:\/\/www.fenarinarsa.com\/?p=1032\/#Y_a-t-il_un_menu_contextuel_%C2%AB_Ouvrir_un_Terminal%E2%80%A6_%C2%BB-4\" >Y a-t-il un menu contextuel \u00ab\u00a0Ouvrir un Terminal&#8230;\u00a0\u00bb<\/a><\/li><li class='ez-toc-page-1 ez-toc-heading-level-6'><a class=\"ez-toc-link ez-toc-heading-96\" href=\"https:\/\/www.fenarinarsa.com\/?p=1032\/#Le_gestionnaire_darchives_arrive-t-il_a_extraire_une_archive_situee_sur_mon_NAS\" >Le gestionnaire d&rsquo;archives arrive-t-il \u00e0 extraire une archive situ\u00e9e sur mon NAS ?<\/a><\/li><li class='ez-toc-page-1 ez-toc-heading-level-6'><a class=\"ez-toc-link ez-toc-heading-97\" href=\"https:\/\/www.fenarinarsa.com\/?p=1032\/#Le_gestionnaire_darchives_arrive-t-il_a_decompresser_une_archive_qui_contient_des_fichiers_nommes_en_Japonais_en_UTF-8_et_en_S-JIS-2\" >Le gestionnaire d&rsquo;archives arrive-t-il \u00e0 d\u00e9compresser une archive qui contient des fichiers nomm\u00e9s en Japonais en UTF-8 et en S-JIS ?<\/a><\/li><li class='ez-toc-page-1 ez-toc-heading-level-6'><a class=\"ez-toc-link ez-toc-heading-98\" href=\"https:\/\/www.fenarinarsa.com\/?p=1032\/#Le_gestionnaire_darchives_arrive-t-il_a_compresser_des_fichiers_nommes_en_japonais_via_menu_contextuel-4\" >Le gestionnaire d&rsquo;archives arrive-t-il \u00e0 compresser des fichiers nomm\u00e9s en japonais (via menu contextuel) ?<\/a><\/li><li class='ez-toc-page-1 ez-toc-heading-level-6'><a class=\"ez-toc-link ez-toc-heading-99\" href=\"https:\/\/www.fenarinarsa.com\/?p=1032\/#Lorsquune_archive_est_creee_a_partir_dune_selection_du_gestionnaire_de_fichier_le_gestionnaire_darchive_propose-t-il_un_nom_darchive_pertinent-3\" >Lorsqu&rsquo;une archive est cr\u00e9\u00e9e \u00e0 partir d&rsquo;une s\u00e9lection du gestionnaire de fichier, le gestionnaire d&rsquo;archive propose-t-il un nom d&rsquo;archive pertinent ?<\/a><\/li><li class='ez-toc-page-1 ez-toc-heading-level-6'><a class=\"ez-toc-link ez-toc-heading-100\" href=\"https:\/\/www.fenarinarsa.com\/?p=1032\/#Le_gestionnaire_darchive_via_un_menu_contextuel_propose-t-il_de_compresser_en_cbz-4\" >Le gestionnaire d&rsquo;archive, via un menu contextuel, propose-t-il de compresser en cbz ?<\/a><\/li><li class='ez-toc-page-1 ez-toc-heading-level-6'><a class=\"ez-toc-link ez-toc-heading-101\" href=\"https:\/\/www.fenarinarsa.com\/?p=1032\/#unar_est-il_disponible-4\" >unar est-il disponible ?<\/a><\/li><li class='ez-toc-page-1 ez-toc-heading-level-6'><a class=\"ez-toc-link ez-toc-heading-102\" href=\"https:\/\/www.fenarinarsa.com\/?p=1032\/#unzip_permet-il_de_specifier_lencodage_de_larchive-4\" >unzip permet-il de sp\u00e9cifier l&rsquo;encodage de l&rsquo;archive ?<\/a><\/li><li class='ez-toc-page-1 ez-toc-heading-level-6'><a class=\"ez-toc-link ez-toc-heading-103\" href=\"https:\/\/www.fenarinarsa.com\/?p=1032\/#Y_a-t-il_un_store_dapplications-4\" >Y a-t-il un store d&rsquo;applications ?<\/a><\/li><li class='ez-toc-page-1 ez-toc-heading-level-6'><a class=\"ez-toc-link ez-toc-heading-104\" href=\"https:\/\/www.fenarinarsa.com\/?p=1032\/#Vivaldi_est-il_disponible-4\" >Vivaldi est-il disponible ?<\/a><\/li><li class='ez-toc-page-1 ez-toc-heading-level-6'><a class=\"ez-toc-link ez-toc-heading-105\" href=\"https:\/\/www.fenarinarsa.com\/?p=1032\/#Vivaldi_est-il_installe_avec_le_support_video_ffmpeg-4\" >Vivaldi est-il install\u00e9 avec le support vid\u00e9o ffmpeg ?<\/a><\/li><li class='ez-toc-page-1 ez-toc-heading-level-6'><a class=\"ez-toc-link ez-toc-heading-106\" href=\"https:\/\/www.fenarinarsa.com\/?p=1032\/#iBus_est-il_installe_et_active-3\" >iBus est-il install\u00e9 et activ\u00e9 ?<\/a><\/li><li class='ez-toc-page-1 ez-toc-heading-level-6'><a class=\"ez-toc-link ez-toc-heading-107\" href=\"https:\/\/www.fenarinarsa.com\/?p=1032\/#Anthy_est-il_disponible-4\" >Anthy est-il disponible ?<\/a><\/li><li class='ez-toc-page-1 ez-toc-heading-level-6'><a class=\"ez-toc-link ez-toc-heading-108\" href=\"https:\/\/www.fenarinarsa.com\/?p=1032\/#Oui\" >Oui.<\/a><\/li><li class='ez-toc-page-1 ez-toc-heading-level-6'><a class=\"ez-toc-link ez-toc-heading-109\" href=\"https:\/\/www.fenarinarsa.com\/?p=1032\/#Les_drivers_et_softs_non-free_sont-ils_disponibles-4\" >Les drivers et softs non-free sont-ils disponibles ?<\/a><\/li><li class='ez-toc-page-1 ez-toc-heading-level-6'><a class=\"ez-toc-link ez-toc-heading-110\" href=\"https:\/\/www.fenarinarsa.com\/?p=1032\/#Discord_est-il_disponible-4\" >Discord est-il disponible ?<\/a><\/li><li class='ez-toc-page-1 ez-toc-heading-level-6'><a class=\"ez-toc-link ez-toc-heading-111\" href=\"https:\/\/www.fenarinarsa.com\/?p=1032\/#Teamviewer_est-il_disponible-4\" >Teamviewer est-il disponible ?<\/a><\/li><li class='ez-toc-page-1 ez-toc-heading-level-6'><a class=\"ez-toc-link ez-toc-heading-112\" href=\"https:\/\/www.fenarinarsa.com\/?p=1032\/#Wine_arrive-t-il_a_faire_tourner_XMedia_Recode-4\" >Wine arrive-t-il \u00e0 faire tourner XMedia Recode ?<\/a><\/li><li class='ez-toc-page-1 ez-toc-heading-level-6'><a class=\"ez-toc-link ez-toc-heading-113\" href=\"https:\/\/www.fenarinarsa.com\/?p=1032\/#LOS_est-il_bien_traduit_en_francais-4\" >L&rsquo;OS est-il bien traduit en fran\u00e7ais ?<\/a><\/li><li class='ez-toc-page-1 ez-toc-heading-level-6'><a class=\"ez-toc-link ez-toc-heading-114\" href=\"https:\/\/www.fenarinarsa.com\/?p=1032\/#Y_a-t-il_des_glitches_genants-3\" >Y a-t-il des glitches g\u00eanants.<\/a><\/li><\/ul><\/li><\/ul><\/li><\/ul><\/li><\/ul><\/li><\/ul><\/li><li class='ez-toc-page-1 ez-toc-heading-level-1'><a class=\"ez-toc-link ez-toc-heading-115\" href=\"https:\/\/www.fenarinarsa.com\/?p=1032\/#Linux_Mint_183_Sylvia\" >Linux Mint 18.3 Sylvia<\/a><ul class='ez-toc-list-level-6' ><li class='ez-toc-heading-level-6'><ul class='ez-toc-list-level-6' ><li class='ez-toc-heading-level-6'><ul class='ez-toc-list-level-6' ><li class='ez-toc-heading-level-6'><ul class='ez-toc-list-level-6' ><li class='ez-toc-heading-level-6'><ul class='ez-toc-list-level-6' ><li class='ez-toc-heading-level-6'><a class=\"ez-toc-link ez-toc-heading-116\" href=\"https:\/\/www.fenarinarsa.com\/?p=1032\/#A_linstallation_le_layout_clavier_est-il_defini_avant_de_demander_le_mot_de_passe_wi-fi-5\" >\u00c0 l&rsquo;installation, le layout clavier est-il d\u00e9fini avant de demander le mot de passe wi-fi ?<\/a><\/li><li class='ez-toc-page-1 ez-toc-heading-level-6'><a class=\"ez-toc-link ez-toc-heading-117\" href=\"https:\/\/www.fenarinarsa.com\/?p=1032\/#A_linstallation_le_layout_clavier_est-il_bien_detecte-5\" >\u00c0 l&rsquo;installation le layout clavier est-il bien d\u00e9tect\u00e9 ?<\/a><\/li><li class='ez-toc-page-1 ez-toc-heading-level-6'><a class=\"ez-toc-link ez-toc-heading-118\" href=\"https:\/\/www.fenarinarsa.com\/?p=1032\/#Au_login_le_layout_clavier_defini_est-il_respecte-5\" >Au login, le layout clavier d\u00e9fini est-il respect\u00e9 ?<\/a><\/li><li class='ez-toc-page-1 ez-toc-heading-level-6'><a class=\"ez-toc-link ez-toc-heading-119\" href=\"https:\/\/www.fenarinarsa.com\/?p=1032\/#Le_bureau_possede-t-il_une_barre_unifiee-5\" >Le bureau poss\u00e8de-t-il une barre unifi\u00e9e ?<\/a><\/li><li class='ez-toc-page-1 ez-toc-heading-level-6'><a class=\"ez-toc-link ez-toc-heading-120\" href=\"https:\/\/www.fenarinarsa.com\/?p=1032\/#La_barre_unifiee_peut-elle_etre_positionnee_en_bas_de_lecran-5\" >La barre unifi\u00e9e peut-elle \u00eatre positionn\u00e9e en bas de l&rsquo;\u00e9cran ?<\/a><\/li><li class='ez-toc-page-1 ez-toc-heading-level-6'><a class=\"ez-toc-link ez-toc-heading-121\" href=\"https:\/\/www.fenarinarsa.com\/?p=1032\/#La_touche_Super_Windows_ouvre-t-elle_le_menu_principal_du_bureau-5\" >La touche Super (Windows) ouvre-t-elle le menu principal du bureau ?<\/a><\/li><li class='ez-toc-page-1 ez-toc-heading-level-6'><a class=\"ez-toc-link ez-toc-heading-122\" href=\"https:\/\/www.fenarinarsa.com\/?p=1032\/#Le_raccourci_Super-E_ouvre-t-il_le_gestionnaire_de_fichiers-5\" >Le raccourci Super-E ouvre-t-il le gestionnaire de fichiers ?<\/a><\/li><li class='ez-toc-page-1 ez-toc-heading-level-6'><a class=\"ez-toc-link ez-toc-heading-123\" href=\"https:\/\/www.fenarinarsa.com\/?p=1032\/#Le_gestionnaire_de_fichiers_possede-t-il_une_double_vue_arborescence_dossier_en_cours-5\" >Le gestionnaire de fichiers poss\u00e8de-t-il une double vue arborescence + dossier en cours ?<\/a><\/li><li class='ez-toc-page-1 ez-toc-heading-level-6'><a class=\"ez-toc-link ez-toc-heading-124\" href=\"https:\/\/www.fenarinarsa.com\/?p=1032\/#Y_a-t-il_un_menu_contextuel_%C2%AB_Ouvrir_un_Terminal%E2%80%A6_%C2%BB-5\" >Y a-t-il un menu contextuel \u00ab\u00a0Ouvrir un Terminal&#8230;\u00a0\u00bb<\/a><\/li><li class='ez-toc-page-1 ez-toc-heading-level-6'><a class=\"ez-toc-link ez-toc-heading-125\" href=\"https:\/\/www.fenarinarsa.com\/?p=1032\/#Le_gestionnaire_darchives_arrive-t-il_a_extraire_une_archive_situee_sur_mon_NAS-2\" >Le gestionnaire d&rsquo;archives arrive-t-il \u00e0 extraire une archive situ\u00e9e sur mon NAS ?<\/a><\/li><li class='ez-toc-page-1 ez-toc-heading-level-6'><a class=\"ez-toc-link ez-toc-heading-126\" href=\"https:\/\/www.fenarinarsa.com\/?p=1032\/#Le_gestionnaire_darchives_arrive-t-il_a_decompresser_une_archive_qui_contient_des_fichiers_nommes_en_Japonais_en_UTF-8_et_en_S-JIS-3\" >Le gestionnaire d&rsquo;archives arrive-t-il \u00e0 d\u00e9compresser une archive qui contient des fichiers nomm\u00e9s en Japonais en UTF-8 et en S-JIS ?<\/a><\/li><li class='ez-toc-page-1 ez-toc-heading-level-6'><a class=\"ez-toc-link ez-toc-heading-127\" href=\"https:\/\/www.fenarinarsa.com\/?p=1032\/#Le_gestionnaire_darchives_arrive-t-il_a_compresser_des_fichiers_nommes_en_japonais\" >Le gestionnaire d&rsquo;archives arrive-t-il \u00e0 compresser des fichiers nomm\u00e9s en japonais ?<\/a><\/li><li class='ez-toc-page-1 ez-toc-heading-level-6'><a class=\"ez-toc-link ez-toc-heading-128\" href=\"https:\/\/www.fenarinarsa.com\/?p=1032\/#Lorsquune_archive_est_creee_a_partir_dune_selection_du_gestionnaire_de_fichier_le_gestionnaire_darchive_propose-t-il_un_nom_darchive_pertinent-4\" >Lorsqu&rsquo;une archive est cr\u00e9\u00e9e \u00e0 partir d&rsquo;une s\u00e9lection du gestionnaire de fichier, le gestionnaire d&rsquo;archive propose-t-il un nom d&rsquo;archive pertinent ?<\/a><\/li><li class='ez-toc-page-1 ez-toc-heading-level-6'><a class=\"ez-toc-link ez-toc-heading-129\" href=\"https:\/\/www.fenarinarsa.com\/?p=1032\/#Le_gestionnaire_darchive_via_un_menu_contextuel_propose-t-il_de_compresser_en_cbz-5\" >Le gestionnaire d&rsquo;archive, via un menu contextuel, propose-t-il de compresser en cbz ?<\/a><\/li><li class='ez-toc-page-1 ez-toc-heading-level-6'><a class=\"ez-toc-link ez-toc-heading-130\" href=\"https:\/\/www.fenarinarsa.com\/?p=1032\/#unar_est-il_disponible-5\" >unar est-il disponible ?<\/a><\/li><li class='ez-toc-page-1 ez-toc-heading-level-6'><a class=\"ez-toc-link ez-toc-heading-131\" href=\"https:\/\/www.fenarinarsa.com\/?p=1032\/#unzip_permet-il_de_specifier_lencodage_de_larchive-5\" >unzip permet-il de sp\u00e9cifier l&rsquo;encodage de l&rsquo;archive ?<\/a><\/li><li class='ez-toc-page-1 ez-toc-heading-level-6'><a class=\"ez-toc-link ez-toc-heading-132\" href=\"https:\/\/www.fenarinarsa.com\/?p=1032\/#Y_a-t-il_un_store_dapplications-5\" >Y a-t-il un store d&rsquo;applications ?<\/a><\/li><li class='ez-toc-page-1 ez-toc-heading-level-6'><a class=\"ez-toc-link ez-toc-heading-133\" href=\"https:\/\/www.fenarinarsa.com\/?p=1032\/#Vivaldi_est-il_disponible-5\" >Vivaldi est-il disponible ?<\/a><\/li><li class='ez-toc-page-1 ez-toc-heading-level-6'><a class=\"ez-toc-link ez-toc-heading-134\" href=\"https:\/\/www.fenarinarsa.com\/?p=1032\/#Vivaldi_est-il_installe_avec_le_support_video_ffmpeg-5\" >Vivaldi est-il install\u00e9 avec le support vid\u00e9o ffmpeg ?<\/a><\/li><li class='ez-toc-page-1 ez-toc-heading-level-6'><a class=\"ez-toc-link ez-toc-heading-135\" href=\"https:\/\/www.fenarinarsa.com\/?p=1032\/#iBus_est-il_installe_et_active-4\" >iBus est-il install\u00e9 et activ\u00e9 ?<\/a><\/li><li class='ez-toc-page-1 ez-toc-heading-level-6'><a class=\"ez-toc-link ez-toc-heading-136\" href=\"https:\/\/www.fenarinarsa.com\/?p=1032\/#Anthy_est-il_disponible-5\" >Anthy est-il disponible ?<\/a><\/li><li class='ez-toc-page-1 ez-toc-heading-level-6'><a class=\"ez-toc-link ez-toc-heading-137\" href=\"https:\/\/www.fenarinarsa.com\/?p=1032\/#Les_drivers_et_softs_non-free_sont-ils_disponibles-5\" >Les drivers et softs non-free sont-ils disponibles ?<\/a><\/li><li class='ez-toc-page-1 ez-toc-heading-level-6'><a class=\"ez-toc-link ez-toc-heading-138\" href=\"https:\/\/www.fenarinarsa.com\/?p=1032\/#Discord_est-il_disponible-5\" >Discord est-il disponible ?<\/a><\/li><li class='ez-toc-page-1 ez-toc-heading-level-6'><a class=\"ez-toc-link ez-toc-heading-139\" href=\"https:\/\/www.fenarinarsa.com\/?p=1032\/#Teamviewer_est-il_disponible-5\" >Teamviewer est-il disponible ?<\/a><\/li><li class='ez-toc-page-1 ez-toc-heading-level-6'><a class=\"ez-toc-link ez-toc-heading-140\" href=\"https:\/\/www.fenarinarsa.com\/?p=1032\/#Wine_arrive-t-il_a_faire_tourner_XMedia_Recode-5\" >Wine arrive-t-il \u00e0 faire tourner XMedia Recode ?<\/a><\/li><li class='ez-toc-page-1 ez-toc-heading-level-6'><a class=\"ez-toc-link ez-toc-heading-141\" href=\"https:\/\/www.fenarinarsa.com\/?p=1032\/#LOS_est-il_bien_traduit_en_francais-5\" >L&rsquo;OS est-il bien traduit en fran\u00e7ais ?<\/a><\/li><li class='ez-toc-page-1 ez-toc-heading-level-6'><a class=\"ez-toc-link ez-toc-heading-142\" href=\"https:\/\/www.fenarinarsa.com\/?p=1032\/#Y_a-t-il_des_glitches_genants-4\" >Y a-t-il des glitches g\u00eanants ?<\/a><\/li><\/ul><\/li><\/ul><\/li><\/ul><\/li><\/ul><\/li><\/ul><\/li><li class='ez-toc-page-1 ez-toc-heading-level-1'><a class=\"ez-toc-link ez-toc-heading-143\" href=\"https:\/\/www.fenarinarsa.com\/?p=1032\/#Fedora_27\" >Fedora 27<\/a><ul class='ez-toc-list-level-6' ><li class='ez-toc-heading-level-6'><ul class='ez-toc-list-level-6' ><li class='ez-toc-heading-level-6'><ul class='ez-toc-list-level-6' ><li class='ez-toc-heading-level-6'><ul class='ez-toc-list-level-6' ><li class='ez-toc-heading-level-6'><ul class='ez-toc-list-level-6' ><li class='ez-toc-heading-level-6'><a class=\"ez-toc-link ez-toc-heading-144\" href=\"https:\/\/www.fenarinarsa.com\/?p=1032\/#A_linstallation_le_layout_clavier_est-il_defini_avant_de_demander_le_mot_de_passe_wi-fi-6\" >\u00c0 l&rsquo;installation, le layout clavier est-il d\u00e9fini avant de demander le mot de passe wi-fi ?<\/a><\/li><li class='ez-toc-page-1 ez-toc-heading-level-6'><a class=\"ez-toc-link ez-toc-heading-145\" href=\"https:\/\/www.fenarinarsa.com\/?p=1032\/#A_linstallation_le_layout_clavier_est-il_bien_detecte-6\" >\u00c0 l&rsquo;installation le layout clavier est-il bien d\u00e9tect\u00e9 ?<\/a><\/li><li class='ez-toc-page-1 ez-toc-heading-level-6'><a class=\"ez-toc-link ez-toc-heading-146\" href=\"https:\/\/www.fenarinarsa.com\/?p=1032\/#Au_login_le_layout_clavier_defini_est-il_respecte-6\" >Au login, le layout clavier d\u00e9fini est-il respect\u00e9 ?<\/a><\/li><li class='ez-toc-page-1 ez-toc-heading-level-6'><a class=\"ez-toc-link ez-toc-heading-147\" href=\"https:\/\/www.fenarinarsa.com\/?p=1032\/#Le_bureau_possede-t-il_une_barre_unifiee-6\" >Le bureau poss\u00e8de-t-il une barre unifi\u00e9e ?<\/a><\/li><li class='ez-toc-page-1 ez-toc-heading-level-6'><a class=\"ez-toc-link ez-toc-heading-148\" href=\"https:\/\/www.fenarinarsa.com\/?p=1032\/#La_barre_unifiee_peut-elle_etre_positionnee_en_bas_de_lecran-6\" >La barre unifi\u00e9e peut-elle \u00eatre positionn\u00e9e en bas de l&rsquo;\u00e9cran ?<\/a><\/li><li class='ez-toc-page-1 ez-toc-heading-level-6'><a class=\"ez-toc-link ez-toc-heading-149\" href=\"https:\/\/www.fenarinarsa.com\/?p=1032\/#La_touche_Super_Windows_ouvre-t-elle_le_menu_principal_du_bureau-6\" >La touche Super (Windows) ouvre-t-elle le menu principal du bureau ?<\/a><\/li><li class='ez-toc-page-1 ez-toc-heading-level-6'><a class=\"ez-toc-link ez-toc-heading-150\" href=\"https:\/\/www.fenarinarsa.com\/?p=1032\/#Le_raccourci_Super-E_ouvre-t-il_le_gestionnaire_de_fichiers-6\" >Le raccourci Super-E ouvre-t-il le gestionnaire de fichiers ?<\/a><\/li><li class='ez-toc-page-1 ez-toc-heading-level-6'><a class=\"ez-toc-link ez-toc-heading-151\" href=\"https:\/\/www.fenarinarsa.com\/?p=1032\/#Le_gestionnaire_de_fichiers_possede-t-il_une_double_vue_arborescence_dossier_en_cours-6\" >Le gestionnaire de fichiers poss\u00e8de-t-il une double vue arborescence + dossier en cours ?<\/a><\/li><li class='ez-toc-page-1 ez-toc-heading-level-6'><a class=\"ez-toc-link ez-toc-heading-152\" href=\"https:\/\/www.fenarinarsa.com\/?p=1032\/#Y_a-t-il_un_menu_contextuel_%C2%AB_Ouvrir_un_Terminal%E2%80%A6_%C2%BB-6\" >Y a-t-il un menu contextuel \u00ab\u00a0Ouvrir un Terminal&#8230;\u00a0\u00bb<\/a><\/li><li class='ez-toc-page-1 ez-toc-heading-level-6'><a class=\"ez-toc-link ez-toc-heading-153\" href=\"https:\/\/www.fenarinarsa.com\/?p=1032\/#Le_gestionnaire_darchives_arrive-t-il_a_extraire_une_archive_situee_sur_mon_NAS-3\" >Le gestionnaire d&rsquo;archives arrive-t-il \u00e0 extraire une archive situ\u00e9e sur mon NAS ?<\/a><\/li><li class='ez-toc-page-1 ez-toc-heading-level-6'><a class=\"ez-toc-link ez-toc-heading-154\" href=\"https:\/\/www.fenarinarsa.com\/?p=1032\/#Le_gestionnaire_darchives_arrive-t-il_a_decompresser_une_archive_qui_contient_des_fichiers_nommes_en_Japonais_en_UTF-8_et_en_S-JIS-4\" >Le gestionnaire d&rsquo;archives arrive-t-il \u00e0 d\u00e9compresser une archive qui contient des fichiers nomm\u00e9s en Japonais en UTF-8 et en S-JIS ?<\/a><\/li><li class='ez-toc-page-1 ez-toc-heading-level-6'><a class=\"ez-toc-link ez-toc-heading-155\" href=\"https:\/\/www.fenarinarsa.com\/?p=1032\/#Le_gestionnaire_darchives_arrive-t-il_a_compresser_des_fichiers_nommes_en_japonais-2\" >Le gestionnaire d&rsquo;archives arrive-t-il \u00e0 compresser des fichiers nomm\u00e9s en japonais ?<\/a><\/li><li class='ez-toc-page-1 ez-toc-heading-level-6'><a class=\"ez-toc-link ez-toc-heading-156\" href=\"https:\/\/www.fenarinarsa.com\/?p=1032\/#Lorsquune_archive_est_creee_a_partir_dune_selection_du_gestionnaire_de_fichier_le_gestionnaire_darchive_propose-t-il_un_nom_darchive_pertinent-5\" >Lorsqu&rsquo;une archive est cr\u00e9\u00e9e \u00e0 partir d&rsquo;une s\u00e9lection du gestionnaire de fichier, le gestionnaire d&rsquo;archive propose-t-il un nom d&rsquo;archive pertinent ?<\/a><\/li><li class='ez-toc-page-1 ez-toc-heading-level-6'><a class=\"ez-toc-link ez-toc-heading-157\" href=\"https:\/\/www.fenarinarsa.com\/?p=1032\/#Le_gestionnaire_darchive_via_un_menu_contextuel_propose-t-il_de_compresser_en_cbz-6\" >Le gestionnaire d&rsquo;archive, via un menu contextuel, propose-t-il de compresser en cbz ?<\/a><\/li><li class='ez-toc-page-1 ez-toc-heading-level-6'><a class=\"ez-toc-link ez-toc-heading-158\" href=\"https:\/\/www.fenarinarsa.com\/?p=1032\/#unar_est-il_disponible-6\" >unar est-il disponible ?<\/a><\/li><li class='ez-toc-page-1 ez-toc-heading-level-6'><a class=\"ez-toc-link ez-toc-heading-159\" href=\"https:\/\/www.fenarinarsa.com\/?p=1032\/#unzip_permet-il_de_specifier_lencodage_de_larchive-6\" >unzip permet-il de sp\u00e9cifier l&rsquo;encodage de l&rsquo;archive ?<\/a><\/li><li class='ez-toc-page-1 ez-toc-heading-level-6'><a class=\"ez-toc-link ez-toc-heading-160\" href=\"https:\/\/www.fenarinarsa.com\/?p=1032\/#Y_a-t-il_un_store_dapplications-6\" >Y a-t-il un store d&rsquo;applications ?<\/a><\/li><li class='ez-toc-page-1 ez-toc-heading-level-6'><a class=\"ez-toc-link ez-toc-heading-161\" href=\"https:\/\/www.fenarinarsa.com\/?p=1032\/#Vivaldi_est-il_disponible-6\" >Vivaldi est-il disponible ?<\/a><\/li><li class='ez-toc-page-1 ez-toc-heading-level-6'><a class=\"ez-toc-link ez-toc-heading-162\" href=\"https:\/\/www.fenarinarsa.com\/?p=1032\/#Vivaldi_est-il_installe_avec_le_support_video_ffmpeg-6\" >Vivaldi est-il install\u00e9 avec le support vid\u00e9o ffmpeg ?<\/a><\/li><li class='ez-toc-page-1 ez-toc-heading-level-6'><a class=\"ez-toc-link ez-toc-heading-163\" href=\"https:\/\/www.fenarinarsa.com\/?p=1032\/#iBus_est-il_installe_et_active-5\" >iBus est-il install\u00e9 et activ\u00e9 ?<\/a><\/li><li class='ez-toc-page-1 ez-toc-heading-level-6'><a class=\"ez-toc-link ez-toc-heading-164\" href=\"https:\/\/www.fenarinarsa.com\/?p=1032\/#Anthy_est-il_disponible-6\" >Anthy est-il disponible ?<\/a><\/li><li class='ez-toc-page-1 ez-toc-heading-level-6'><a class=\"ez-toc-link ez-toc-heading-165\" href=\"https:\/\/www.fenarinarsa.com\/?p=1032\/#Les_drivers_et_softs_non-free_sont-ils_disponibles-6\" >Les drivers et softs non-free sont-ils disponibles ?<\/a><\/li><li class='ez-toc-page-1 ez-toc-heading-level-6'><a class=\"ez-toc-link ez-toc-heading-166\" href=\"https:\/\/www.fenarinarsa.com\/?p=1032\/#Discord_est-il_disponible-6\" >Discord est-il disponible ?<\/a><\/li><li class='ez-toc-page-1 ez-toc-heading-level-6'><a class=\"ez-toc-link ez-toc-heading-167\" href=\"https:\/\/www.fenarinarsa.com\/?p=1032\/#Teamviewer_est-il_disponible-6\" >Teamviewer est-il disponible ?<\/a><\/li><li class='ez-toc-page-1 ez-toc-heading-level-6'><a class=\"ez-toc-link ez-toc-heading-168\" href=\"https:\/\/www.fenarinarsa.com\/?p=1032\/#Wine_arrive-t-il_a_faire_tourner_XMedia_Recode-6\" >Wine arrive-t-il \u00e0 faire tourner XMedia Recode ?<\/a><\/li><li class='ez-toc-page-1 ez-toc-heading-level-6'><a class=\"ez-toc-link ez-toc-heading-169\" href=\"https:\/\/www.fenarinarsa.com\/?p=1032\/#LOS_est-il_bien_traduit_en_francais-6\" >L&rsquo;OS est-il bien traduit en fran\u00e7ais ?<\/a><\/li><li class='ez-toc-page-1 ez-toc-heading-level-6'><a class=\"ez-toc-link ez-toc-heading-170\" href=\"https:\/\/www.fenarinarsa.com\/?p=1032\/#Y_a-t-il_des_glitches_genants-5\" >Y a-t-il des glitches g\u00eanants ?<\/a><\/li><\/ul><\/li><\/ul><\/li><\/ul><\/li><\/ul><\/li><\/ul><\/li><li class='ez-toc-page-1 ez-toc-heading-level-1'><a class=\"ez-toc-link ez-toc-heading-171\" href=\"https:\/\/www.fenarinarsa.com\/?p=1032\/#Solus_Budgie_432018\" >Solus Budgie (4\/3\/2018)<\/a><ul class='ez-toc-list-level-6' ><li class='ez-toc-heading-level-6'><ul class='ez-toc-list-level-6' ><li class='ez-toc-heading-level-6'><ul class='ez-toc-list-level-6' ><li class='ez-toc-heading-level-6'><ul class='ez-toc-list-level-6' ><li class='ez-toc-heading-level-6'><ul class='ez-toc-list-level-6' ><li class='ez-toc-heading-level-6'><a class=\"ez-toc-link ez-toc-heading-172\" href=\"https:\/\/www.fenarinarsa.com\/?p=1032\/#A_linstallation_le_layout_clavier_est-il_defini_avant_de_demander_le_mot_de_passe_wi-fi-7\" >\u00c0 l&rsquo;installation, le layout clavier est-il d\u00e9fini avant de demander le mot de passe wi-fi ?<\/a><\/li><li class='ez-toc-page-1 ez-toc-heading-level-6'><a class=\"ez-toc-link ez-toc-heading-173\" href=\"https:\/\/www.fenarinarsa.com\/?p=1032\/#A_linstallation_le_layout_clavier_est-il_bien_detecte-7\" >\u00c0 l&rsquo;installation le layout clavier est-il bien d\u00e9tect\u00e9 ?<\/a><\/li><li class='ez-toc-page-1 ez-toc-heading-level-6'><a class=\"ez-toc-link ez-toc-heading-174\" href=\"https:\/\/www.fenarinarsa.com\/?p=1032\/#Au_login_le_layout_clavier_defini_est-il_respecte-7\" >Au login, le layout clavier d\u00e9fini est-il respect\u00e9 ?<\/a><\/li><li class='ez-toc-page-1 ez-toc-heading-level-6'><a class=\"ez-toc-link ez-toc-heading-175\" href=\"https:\/\/www.fenarinarsa.com\/?p=1032\/#Le_bureau_possede-t-il_une_barre_unifiee-7\" >Le bureau poss\u00e8de-t-il une barre unifi\u00e9e ?<\/a><\/li><li class='ez-toc-page-1 ez-toc-heading-level-6'><a class=\"ez-toc-link ez-toc-heading-176\" href=\"https:\/\/www.fenarinarsa.com\/?p=1032\/#La_barre_unifiee_peut-elle_etre_positionnee_en_bas_de_lecran-7\" >La barre unifi\u00e9e peut-elle \u00eatre positionn\u00e9e en bas de l&rsquo;\u00e9cran ?<\/a><\/li><li class='ez-toc-page-1 ez-toc-heading-level-6'><a class=\"ez-toc-link ez-toc-heading-177\" href=\"https:\/\/www.fenarinarsa.com\/?p=1032\/#La_touche_Super_Windows_ouvre-t-elle_le_menu_principal_du_bureau-7\" >La touche Super (Windows) ouvre-t-elle le menu principal du bureau ?<\/a><\/li><li class='ez-toc-page-1 ez-toc-heading-level-6'><a class=\"ez-toc-link ez-toc-heading-178\" href=\"https:\/\/www.fenarinarsa.com\/?p=1032\/#Le_raccourci_Super-E_ouvre-t-il_le_gestionnaire_de_fichiers-7\" >Le raccourci Super-E ouvre-t-il le gestionnaire de fichiers ?<\/a><\/li><li class='ez-toc-page-1 ez-toc-heading-level-6'><a class=\"ez-toc-link ez-toc-heading-179\" href=\"https:\/\/www.fenarinarsa.com\/?p=1032\/#Le_gestionnaire_de_fichiers_possede-t-il_une_double_vue_arborescence_dossier_en_cours-7\" >Le gestionnaire de fichiers poss\u00e8de-t-il une double vue arborescence + dossier en cours ?<\/a><\/li><li class='ez-toc-page-1 ez-toc-heading-level-6'><a class=\"ez-toc-link ez-toc-heading-180\" href=\"https:\/\/www.fenarinarsa.com\/?p=1032\/#Y_a-t-il_un_menu_contextuel_%C2%AB_Ouvrir_un_Terminal%E2%80%A6_%C2%BB-7\" >Y a-t-il un menu contextuel \u00ab\u00a0Ouvrir un Terminal&#8230;\u00a0\u00bb<\/a><\/li><li class='ez-toc-page-1 ez-toc-heading-level-6'><a class=\"ez-toc-link ez-toc-heading-181\" href=\"https:\/\/www.fenarinarsa.com\/?p=1032\/#Le_gestionnaire_darchives_arrive-t-il_a_extraire_une_archive_situee_sur_mon_NAS-4\" >Le gestionnaire d&rsquo;archives arrive-t-il \u00e0 extraire une archive situ\u00e9e sur mon NAS ?<\/a><\/li><li class='ez-toc-page-1 ez-toc-heading-level-6'><a class=\"ez-toc-link ez-toc-heading-182\" href=\"https:\/\/www.fenarinarsa.com\/?p=1032\/#Le_gestionnaire_darchives_arrive-t-il_a_decompresser_une_archive_qui_contient_des_fichiers_nommes_en_Japonais_en_UTF-8_et_en_S-JIS-5\" >Le gestionnaire d&rsquo;archives arrive-t-il \u00e0 d\u00e9compresser une archive qui contient des fichiers nomm\u00e9s en Japonais en UTF-8 et en S-JIS ?<\/a><\/li><li class='ez-toc-page-1 ez-toc-heading-level-6'><a class=\"ez-toc-link ez-toc-heading-183\" href=\"https:\/\/www.fenarinarsa.com\/?p=1032\/#Le_gestionnaire_darchives_arrive-t-il_a_compresser_des_fichiers_nommes_en_japonais-3\" >Le gestionnaire d&rsquo;archives arrive-t-il \u00e0 compresser des fichiers nomm\u00e9s en japonais ?<\/a><\/li><li class='ez-toc-page-1 ez-toc-heading-level-6'><a class=\"ez-toc-link ez-toc-heading-184\" href=\"https:\/\/www.fenarinarsa.com\/?p=1032\/#Lorsquune_archive_est_creee_a_partir_dune_selection_du_gestionnaire_de_fichier_le_gestionnaire_darchive_propose-t-il_un_nom_darchive_pertinent-6\" >Lorsqu&rsquo;une archive est cr\u00e9\u00e9e \u00e0 partir d&rsquo;une s\u00e9lection du gestionnaire de fichier, le gestionnaire d&rsquo;archive propose-t-il un nom d&rsquo;archive pertinent ?<\/a><\/li><li class='ez-toc-page-1 ez-toc-heading-level-6'><a class=\"ez-toc-link ez-toc-heading-185\" href=\"https:\/\/www.fenarinarsa.com\/?p=1032\/#Le_gestionnaire_darchive_via_un_menu_contextuel_propose-t-il_de_compresser_en_cbz-7\" >Le gestionnaire d&rsquo;archive, via un menu contextuel, propose-t-il de compresser en cbz ?<\/a><\/li><li class='ez-toc-page-1 ez-toc-heading-level-6'><a class=\"ez-toc-link ez-toc-heading-186\" href=\"https:\/\/www.fenarinarsa.com\/?p=1032\/#unar_est-il_disponible-7\" >unar est-il disponible ?<\/a><\/li><li class='ez-toc-page-1 ez-toc-heading-level-6'><a class=\"ez-toc-link ez-toc-heading-187\" href=\"https:\/\/www.fenarinarsa.com\/?p=1032\/#unzip_permet-il_de_specifier_lencodage_de_larchive-7\" >unzip permet-il de sp\u00e9cifier l&rsquo;encodage de l&rsquo;archive ?<\/a><\/li><li class='ez-toc-page-1 ez-toc-heading-level-6'><a class=\"ez-toc-link ez-toc-heading-188\" href=\"https:\/\/www.fenarinarsa.com\/?p=1032\/#Y_a-t-il_un_store_dapplications-7\" >Y a-t-il un store d&rsquo;applications ?<\/a><\/li><li class='ez-toc-page-1 ez-toc-heading-level-6'><a class=\"ez-toc-link ez-toc-heading-189\" href=\"https:\/\/www.fenarinarsa.com\/?p=1032\/#Vivaldi_est-il_disponible-7\" >Vivaldi est-il disponible ?<\/a><\/li><li class='ez-toc-page-1 ez-toc-heading-level-6'><a class=\"ez-toc-link ez-toc-heading-190\" href=\"https:\/\/www.fenarinarsa.com\/?p=1032\/#Vivaldi_est-il_installe_avec_le_support_video_ffmpeg-7\" >Vivaldi est-il install\u00e9 avec le support vid\u00e9o ffmpeg ?<\/a><\/li><li class='ez-toc-page-1 ez-toc-heading-level-6'><a class=\"ez-toc-link ez-toc-heading-191\" href=\"https:\/\/www.fenarinarsa.com\/?p=1032\/#iBus_est-il_installe_et_active-6\" >iBus est-il install\u00e9 et activ\u00e9 ?<\/a><\/li><li class='ez-toc-page-1 ez-toc-heading-level-6'><a class=\"ez-toc-link ez-toc-heading-192\" href=\"https:\/\/www.fenarinarsa.com\/?p=1032\/#Anthy_est-il_disponible-7\" >Anthy est-il disponible ?<\/a><\/li><li class='ez-toc-page-1 ez-toc-heading-level-6'><a class=\"ez-toc-link ez-toc-heading-193\" href=\"https:\/\/www.fenarinarsa.com\/?p=1032\/#Les_drivers_et_softs_non-free_sont-ils_disponibles-7\" >Les drivers et softs non-free sont-ils disponibles ?<\/a><\/li><li class='ez-toc-page-1 ez-toc-heading-level-6'><a class=\"ez-toc-link ez-toc-heading-194\" href=\"https:\/\/www.fenarinarsa.com\/?p=1032\/#Discord_est-il_disponible-7\" >Discord est-il disponible ?<\/a><\/li><li class='ez-toc-page-1 ez-toc-heading-level-6'><a class=\"ez-toc-link ez-toc-heading-195\" href=\"https:\/\/www.fenarinarsa.com\/?p=1032\/#Teamviewer_est-il_disponible-7\" >Teamviewer est-il disponible ?<\/a><\/li><li class='ez-toc-page-1 ez-toc-heading-level-6'><a class=\"ez-toc-link ez-toc-heading-196\" href=\"https:\/\/www.fenarinarsa.com\/?p=1032\/#Wine_arrive-t-il_a_faire_tourner_XMedia_Recode-7\" >Wine arrive-t-il \u00e0 faire tourner XMedia Recode ?<\/a><\/li><li class='ez-toc-page-1 ez-toc-heading-level-6'><a class=\"ez-toc-link ez-toc-heading-197\" href=\"https:\/\/www.fenarinarsa.com\/?p=1032\/#LOS_est-il_bien_traduit_en_francais-7\" >L&rsquo;OS est-il bien traduit en fran\u00e7ais ?<\/a><\/li><li class='ez-toc-page-1 ez-toc-heading-level-6'><a class=\"ez-toc-link ez-toc-heading-198\" href=\"https:\/\/www.fenarinarsa.com\/?p=1032\/#Y_a-t-il_des_glitches_genants-6\" >Y a-t-il des glitches g\u00eanants ?<\/a><\/li><\/ul><\/li><\/ul><\/li><\/ul><\/li><\/ul><\/li><\/ul><\/li><li class='ez-toc-page-1 ez-toc-heading-level-1'><a class=\"ez-toc-link ez-toc-heading-199\" href=\"https:\/\/www.fenarinarsa.com\/?p=1032\/#Solus_MATE_332018\" >Solus MATE 3\/3\/2018<\/a><ul class='ez-toc-list-level-6' ><li class='ez-toc-heading-level-6'><ul class='ez-toc-list-level-6' ><li class='ez-toc-heading-level-6'><ul class='ez-toc-list-level-6' ><li class='ez-toc-heading-level-6'><ul class='ez-toc-list-level-6' ><li class='ez-toc-heading-level-6'><ul class='ez-toc-list-level-6' ><li class='ez-toc-heading-level-6'><a class=\"ez-toc-link ez-toc-heading-200\" href=\"https:\/\/www.fenarinarsa.com\/?p=1032\/#A_linstallation_le_layout_clavier_est-il_defini_avant_de_demander_le_mot_de_passe_wi-fi-8\" >\u00c0 l&rsquo;installation, le layout clavier est-il d\u00e9fini avant de demander le mot de passe wi-fi ?<\/a><\/li><li class='ez-toc-page-1 ez-toc-heading-level-6'><a class=\"ez-toc-link ez-toc-heading-201\" href=\"https:\/\/www.fenarinarsa.com\/?p=1032\/#A_linstallation_le_layout_clavier_est-il_bien_detecte-8\" >\u00c0 l&rsquo;installation le layout clavier est-il bien d\u00e9tect\u00e9 ?<\/a><\/li><li class='ez-toc-page-1 ez-toc-heading-level-6'><a class=\"ez-toc-link ez-toc-heading-202\" href=\"https:\/\/www.fenarinarsa.com\/?p=1032\/#Au_login_le_layout_clavier_defini_est-il_respecte-8\" >Au login, le layout clavier d\u00e9fini est-il respect\u00e9 ?<\/a><\/li><\/ul><\/li><\/ul><\/li><\/ul><\/li><\/ul><\/li><\/ul><\/li><li class='ez-toc-page-1 ez-toc-heading-level-1'><a class=\"ez-toc-link ez-toc-heading-203\" href=\"https:\/\/www.fenarinarsa.com\/?p=1032\/#Debian_Stretch_93\" >Debian Stretch 9.3<\/a><ul class='ez-toc-list-level-6' ><li class='ez-toc-heading-level-6'><ul class='ez-toc-list-level-6' ><li class='ez-toc-heading-level-6'><ul class='ez-toc-list-level-6' ><li class='ez-toc-heading-level-6'><ul class='ez-toc-list-level-6' ><li class='ez-toc-heading-level-6'><ul class='ez-toc-list-level-6' ><li class='ez-toc-heading-level-6'><a class=\"ez-toc-link ez-toc-heading-204\" href=\"https:\/\/www.fenarinarsa.com\/?p=1032\/#Y_a-t-il_des_glitches_genants-7\" >Y a-t-il des glitches g\u00eanants ?<\/a><\/li><\/ul><\/li><\/ul><\/li><\/ul><\/li><\/ul><\/li><\/ul><\/li><li class='ez-toc-page-1 ez-toc-heading-level-1'><a class=\"ez-toc-link ez-toc-heading-205\" href=\"https:\/\/www.fenarinarsa.com\/?p=1032\/#Conclusion\" >Conclusion<\/a><ul class='ez-toc-list-level-2' ><li class='ez-toc-heading-level-2'><a class=\"ez-toc-link ez-toc-heading-206\" href=\"https:\/\/www.fenarinarsa.com\/?p=1032\/#Love_me\" >Love me<\/a><\/li><li class='ez-toc-page-1 ez-toc-heading-level-2'><a class=\"ez-toc-link ez-toc-heading-207\" href=\"https:\/\/www.fenarinarsa.com\/?p=1032\/#Hate_me\" >Hate me<\/a><\/li><\/ul><\/li><\/ul><\/nav><\/div>\n<h1><span class=\"ez-toc-section\" id=\"Quitter_Windows_pourquoi\"><\/span>Quitter Windows, pourquoi ?<span class=\"ez-toc-section-end\"><\/span><\/h1>\n<p>Je pr\u00e9f\u00e8re tout de suite mettre les choses au point : je ne cherche pas \u00e0 passer absolument sous Linux pour des raisons politiques ou \u00e9thiques, ou que sais-je. Si je suis sous Linux, j&rsquo;utiliserai Gmail, donc bon. De la m\u00eame mani\u00e8re, avant j&rsquo;\u00e9tais sous Android, et il y a quatre ans, je suis repass\u00e9 sous iOS parce que je savais que je voulais un truc qui *marche* et arr\u00eater de trifouiller dans les ROM patch\u00e9es \u00e0 deux sous, les mises \u00e0 jour foireuses etc. Mon fils allait na\u00eetre, mon temps libre pour bidouiller allait dispara\u00eetre.<\/p>\n<p>(J&rsquo;ai eu tellement raison.)<\/p>\n<p>Les OS j&rsquo;en ai connu plein : ProDOS sous Apple II, TOS+GEM sur Atari ST, puis DOS, Windows 3, Syst\u00e8me 7 sur Mac, Windows 95, AIX, Windows 98, 2000, Mac OS X, etc.<br \/>\nJe ne suis pas sp\u00e9cialement attach\u00e9 \u00e0 un OS, si un autre fait le m\u00eame taf si possible en mieux, je change. Par contre dans le cas inverse, pourquoi changer ?<\/p>\n<p>Tout d&rsquo;abord j&rsquo;ai commenc\u00e9 par faire un tour des distribs pour voir comment \u00e7a s&rsquo;installait. La d\u00e9couverte a \u00e9t\u00e9 globalement positive. Le boulot abattu sur les diff\u00e9rentes distribs est clairement \u00e9norme. J&rsquo;ai fait un stream live de l&rsquo;installation de 7 distributions dont voici un replay (un peu remont\u00e9). Vous allez voir que certains distribs sont d\u00e9j\u00e0 \u00e0 \u00e9carter, je vais y revenir.<\/p>\n<div class=\"ast-oembed-container\" style=\"height: 100%;\"><iframe loading=\"lazy\" title=\"Let&#039;s Install Linux!\" width=\"500\" height=\"281\" src=\"https:\/\/www.youtube.com\/embed\/nnRtqikhetA?feature=oembed\" frameborder=\"0\" allow=\"accelerometer; autoplay; clipboard-write; encrypted-media; gyroscope; picture-in-picture; web-share\" referrerpolicy=\"strict-origin-when-cross-origin\" allowfullscreen><\/iframe><\/div>\n<p>\u00c0 la suite de cette vid\u00e9o, je me suis dit que j&rsquo;allais tenter Solus, et j&rsquo;ai commenc\u00e9 \u00e0 l&rsquo;utiliser au quotidien.<\/p>\n<p>Il n&rsquo;a pas fallu 2h pour que je trouve les premiers trucs bloquants.<\/p>\n<p>Remettons-nous dans le contexte : j&rsquo;ai un OS qui tourne (avec une licence), avec des softs qui me conviennent. J&rsquo;utilise la suite Adobe Creative Cloud (avec une licence oui oui), et j&rsquo;utilise un peu Visual Studio Community pour faire du C#. De ces deux outils, il n&rsquo;existe pas d&rsquo;\u00e9quivalent sous Linux, ou pas d&rsquo;\u00e9quivalent gratuit. Ce qui veut dire qu&rsquo;on part avec d\u00e9j\u00e0 deux gros sacrifices de ma part puisque je vais devoir utiliser une VM ou un double boot (arg !) pour les utiliser. Et je ne parle m\u00eame pas de toutes les petites merdes ou outils d&rsquo;\u00e9mulation qui n&rsquo;existent pas ailleurs.<\/p>\n<p>Autant vous dire que je ne suis pas, mais absolument pas pr\u00eat \u00e0 faire de cadeaux sur des petits d\u00e9tails qui risquent de m&#8217;empoisonner la vie.<\/p>\n<p>Du coup, je me suis fait une liste de ce que je voulais dans une distrib, et je les ai toutes re-test\u00e9es.<\/p>\n<h1><span class=\"ez-toc-section\" id=\"La_Liste\"><\/span>La Liste<span class=\"ez-toc-section-end\"><\/span><\/h1>\n<p>On dit souvent que tout est personnalisable sous Linux. Je me suis volontairement restreint aux configurations propos\u00e9es par d\u00e9faut. Je ne vais pas installer le bureau MATE sous Ubuntu par exemple, qui est pr\u00e9configur\u00e9 avec Gnome3. \u00c7a se termine souvent dans les pleurs et les grincements de dents. Ensuite, s&rsquo;il est possible de facilement configurer un placement de dock ou de barre, ok. S&rsquo;il faut aller dans des fichiers de configs, t\u00e9l\u00e9charger des extensions qui marchent une fois sur deux&#8230; c&rsquo;est non.<\/p>\n<h6><span class=\"ez-toc-section\" id=\"A_linstallation_le_layout_clavier_est-il_defini_avant_de_demander_le_mot_de_passe_wi-fi\"><\/span>\u00c0 l&rsquo;installation, le layout clavier est-il d\u00e9fini avant de demander le mot de passe wi-fi ?<span class=\"ez-toc-section-end\"><\/span><\/h6>\n<p>Bloquant : Non<br \/>\nCela me permet de conna\u00eetre le niveau de test d&rsquo;une distribution. En effet il est compl\u00e8tement con de demander un mot de passe wifi si le layout clavier est mal configur\u00e9. Et que le wifi soit indispensable ou pas pour l&rsquo;installation, \u00e7a n&rsquo;a pas d&rsquo;importance. C&rsquo;est juste que c&rsquo;est quelque chose qui NE SE FAIT PAS.<\/p>\n<h6><span class=\"ez-toc-section\" id=\"A_linstallation_le_layout_clavier_est-il_bien_detecte\"><\/span>\u00c0 l&rsquo;installation le layout clavier est-il bien d\u00e9tect\u00e9 ?<span class=\"ez-toc-section-end\"><\/span><\/h6>\n<p>Bloquant : Non<br \/>\nL\u00e0 aussi \u00e7a para\u00eet con, mais j&rsquo;ai remarqu\u00e9 plein de probl\u00e8mes \u00e0 ce niveau-l\u00e0.<\/p>\n<h6><span class=\"ez-toc-section\" id=\"Au_login_le_layout_clavier_defini_est-il_respecte\"><\/span>Au login, le layout clavier d\u00e9fini est-il respect\u00e9 ?<span class=\"ez-toc-section-end\"><\/span><\/h6>\n<p>Bloquant : <strong>OUI<\/strong><br \/>\nIl y a des distribs qui ne respectent pas le layout clavier d\u00e9fini au moment du login. Et l\u00e0 autant dire que c&rsquo;est la porte ouverte des enfers, m\u00eame les wiki Linux n&rsquo;ont pas de solution claire. De plus \u00e7a peut \u00eatre le cas au login, sur le bureau, sur le lock screen, ou sur une combinaison des trois&#8230; Si c&rsquo;est le cas : poubelle.<\/p>\n<h6><span class=\"ez-toc-section\" id=\"Le_bureau_possede-t-il_une_barre_unifiee\"><\/span>Le bureau poss\u00e8de-t-il une barre unifi\u00e9e ?<span class=\"ez-toc-section-end\"><\/span><\/h6>\n<p>Bloquant : <strong>OUI<\/strong><br \/>\nL&rsquo;une des meilleurs invention de Windows reste la barre unifi\u00e9e avec les t\u00e2ches, les infos syst\u00e8mes et le menu d\u00e9marrer.<br \/>\nJe n&rsquo;ai pas besoin d&rsquo;avoir deux ou trois barres pour faire la m\u00eame chose.<\/p>\n<h6><span class=\"ez-toc-section\" id=\"La_barre_unifiee_peut-elle_etre_positionnee_en_bas_de_lecran\"><\/span>La barre unifi\u00e9e peut-elle \u00eatre positionn\u00e9e en bas de l&rsquo;\u00e9cran ?<span class=\"ez-toc-section-end\"><\/span><\/h6>\n<p>Bloquant : <strong>OUI<\/strong><br \/>\nJe ne veux pas de barre syst\u00e8me en haut. J&rsquo;utilise Vivaldi qui colle ses onglets en haut de la fen\u00eatre pour acc\u00e9l\u00e9rer consid\u00e9rablement les clics en fen\u00eatre maximis\u00e9e (cf <a href=\"https:\/\/fr.wikipedia.org\/wiki\/Loi_de_Fitts\">loi de Fitts<\/a>).<\/p>\n<h6><span class=\"ez-toc-section\" id=\"La_touche_Super_Windows_ouvre-t-elle_le_menu_principal_du_bureau\"><\/span>La touche Super (Windows) ouvre-t-elle le menu principal du bureau ?<span class=\"ez-toc-section-end\"><\/span><\/h6>\n<p>Bloquant : Non<br \/>\nMais franchement c&rsquo;est mal pens\u00e9 si c&rsquo;est pas le cas vu que derri\u00e8re \u00e7a ouvre aussi la recherche unifi\u00e9e.<\/p>\n<h6><span class=\"ez-toc-section\" id=\"Le_raccourci_Super-E_ouvre-t-il_le_gestionnaire_de_fichiers\"><\/span>Le raccourci Super-E ouvre-t-il le gestionnaire de fichiers ?<span class=\"ez-toc-section-end\"><\/span><\/h6>\n<p>Bloquant : Non<br \/>\nJe fais mon windowsien connard. Parfois il y a un autre raccourci. Je l&rsquo;ai mis parce que j&rsquo;ai vu que certaines distribs le faisaient, ce qui peut montrer une tentative bienvenue de simplifier la vie aux utilisateurs qui switchent.<\/p>\n<h6><span class=\"ez-toc-section\" id=\"Le_gestionnaire_de_fichiers_possede-t-il_une_double_vue_arborescence_dossier_en_cours\"><\/span>Le gestionnaire de fichiers poss\u00e8de-t-il une double vue arborescence + dossier en cours ?<span class=\"ez-toc-section-end\"><\/span><\/h6>\n<p>Bloquant : <strong>OUI<\/strong><br \/>\nLa vue par d\u00e9faut de Windows l\u00e0 encore. J&rsquo;y pensais pas mais \u00e0 l&rsquo;usage il est vraiment quasi-impossible de s&rsquo;en passer. La seule vue diff\u00e9rente qui me va est celle par colonnes d&rsquo;OS X.<\/p>\n<h6><span class=\"ez-toc-section\" id=\"Y_a-t-il_un_menu_contextuel_%C2%AB_Ouvrir_un_Terminal%E2%80%A6_%C2%BB\"><\/span>Y a-t-il un menu contextuel \u00ab\u00a0Ouvrir un Terminal&#8230;\u00a0\u00bb<span class=\"ez-toc-section-end\"><\/span><\/h6>\n<p>Bloquant : <strong>OUI<\/strong><br \/>\nIl est quand m\u00eame parfois utile de pouvoir ouvrir une ligne de commande dans un dossier. Je l&rsquo;utilise aussi sous Windows d&rsquo;ailleurs.<\/p>\n<h6><span class=\"ez-toc-section\" id=\"Le_gestionnaire_darchives_arrive-t-il_a_extraire_une_archive_situee_sur_mon_NAS_via_menu_contextuel_Extraire%E2%80%A6\"><\/span>Le gestionnaire d&rsquo;archives arrive-t-il \u00e0 extraire une archive situ\u00e9e sur mon NAS (via menu contextuel Extraire&#8230;) ?<span class=\"ez-toc-section-end\"><\/span><\/h6>\n<p>Bloquant : <strong>OUI<\/strong><br \/>\nDe mon NAS, vers mon NAS. Partage Windows (via smb\/cifs donc) en montage dynamique via le bureau.<br \/>\nPas de NFS juste parce que mon NAS (Synology) n&rsquo;est pas configur\u00e9 pour.<br \/>\nDe toute fa\u00e7on smb devient la norme, m\u00eame Apple abandonne AFP.<\/p>\n<h6><span class=\"ez-toc-section\" id=\"Le_gestionnaire_darchives_arrive-t-il_a_decompresser_une_archive_qui_contient_des_fichiers_nommes_en_Japonais_en_UTF-8_et_en_S-JIS_via_menu_contextuel\"><\/span>Le gestionnaire d&rsquo;archives arrive-t-il \u00e0 d\u00e9compresser une archive qui contient des fichiers nomm\u00e9s en Japonais en UTF-8 et en S-JIS (via menu contextuel) ?<span class=\"ez-toc-section-end\"><\/span><\/h6>\n<p>Bloquant : <strong>OUI<\/strong><br \/>\nOn est en 2018, les japonais fournissent encore syst\u00e9matiquement des archives encod\u00e9es en S-JIS, il faut donc pouvoir le g\u00e9rer.<\/p>\n<h6><span class=\"ez-toc-section\" id=\"Le_gestionnaire_darchives_arrive-t-il_a_compresser_des_fichiers_nommes_en_japonais_via_menu_contextuel\"><\/span>Le gestionnaire d&rsquo;archives arrive-t-il \u00e0 compresser des fichiers nomm\u00e9s en japonais (via menu contextuel) ?<span class=\"ez-toc-section-end\"><\/span><\/h6>\n<p>Bloquant : <strong>OUI<\/strong><\/p>\n<h6><span class=\"ez-toc-section\" id=\"Lorsquune_archive_est_creee_a_partir_dune_selection_du_gestionnaire_de_fichier_le_gestionnaire_darchive_propose-t-il_un_nom_darchive_pertinent_par_ex_nom_du_dossier_parent\"><\/span>Lorsqu&rsquo;une archive est cr\u00e9\u00e9e \u00e0 partir d&rsquo;une s\u00e9lection du gestionnaire de fichier, le gestionnaire d&rsquo;archive propose-t-il un nom d&rsquo;archive pertinent (par ex. nom du dossier parent) ?<span class=\"ez-toc-section-end\"><\/span><\/h6>\n<p>Bloquant : <strong>OUI<\/strong><br \/>\nFaire le boulot d&rsquo;un algorithme, j&rsquo;ai pas que \u00e7a \u00e0 foutre.<\/p>\n<h6><span class=\"ez-toc-section\" id=\"Le_gestionnaire_darchive_via_un_menu_contextuel_propose-t-il_de_compresser_en_cbz\"><\/span>Le gestionnaire d&rsquo;archive, via un menu contextuel, propose-t-il de compresser en cbz ?<span class=\"ez-toc-section-end\"><\/span><\/h6>\n<p>Bloquant : Non<br \/>\nMais c&rsquo;est quand m\u00eame cool qu&rsquo;il y ait le choix.<\/p>\n<h6><span class=\"ez-toc-section\" id=\"unar_est-il_disponible\"><\/span>unar est-il disponible ?<span class=\"ez-toc-section-end\"><\/span><\/h6>\n<p>Bloquant : <strong>OUI<\/strong><br \/>\nJe comprends pas comment ce soft peut ne pas \u00eatre distribu\u00e9 comme d\u00e9compresseur par d\u00e9faut sur les distribs tellement il est efficace.<br \/>\nMalheureusement ligne de commande uniquement.<br \/>\n(il est 100% compatible avec les archives japonaises, mal encod\u00e9es ou pas)<\/p>\n<h6><span class=\"ez-toc-section\" id=\"unzip_permet-il_de_specifier_lencodage_de_larchive\"><\/span>unzip permet-il de sp\u00e9cifier l&rsquo;encodage de l&rsquo;archive ?<span class=\"ez-toc-section-end\"><\/span><\/h6>\n<p>Bloquant : Non<br \/>\nPour les archives en S-JIS. Bizarrement, fonction non-document\u00e9e.<\/p>\n<h6><span class=\"ez-toc-section\" id=\"Y_a-t-il_un_store_dapplications\"><\/span>Y a-t-il un store d&rsquo;applications ?<span class=\"ez-toc-section-end\"><\/span><\/h6>\n<p>Bloquant : Non<br \/>\nC&rsquo;est plus pratique et sympa, mais les gestionnaires de paquets ne me font pas peur.<\/p>\n<h6><span class=\"ez-toc-section\" id=\"Vivaldi_est-il_disponible\"><\/span>Vivaldi est-il disponible ?<span class=\"ez-toc-section-end\"><\/span><\/h6>\n<p>Bloquant : <strong>OUI<\/strong><br \/>\nC&rsquo;est le navigateur que j&rsquo;utilise, donc&#8230;<\/p>\n<h6><span class=\"ez-toc-section\" id=\"Vivaldi_est-il_installe_avec_le_support_video_ffmpeg\"><\/span>Vivaldi est-il install\u00e9 avec le support vid\u00e9o ffmpeg ?<span class=\"ez-toc-section-end\"><\/span><\/h6>\n<p>Bloquant : Non<br \/>\nIl existe un script pour installer la biblioth\u00e8que ffmpeg pour Vivaldi, mais bon quand m\u00eame, c&rsquo;est un peu chelou de pas le faire de base.<\/p>\n<h6><span class=\"ez-toc-section\" id=\"iBus_est-il_installe_ou_active\"><\/span>iBus est-il install\u00e9 ou activ\u00e9 ?<span class=\"ez-toc-section-end\"><\/span><\/h6>\n<p>Bloquant : Non<br \/>\niBus est un des syst\u00e8mes permettant d&rsquo;ajouter plein de m\u00e9thodes d&rsquo;entr\u00e9es dont Anthy pour le japonais. C&rsquo;est une grosse avanc\u00e9e pour moi, donc pas question de m&rsquo;en passer.<\/p>\n<h6><span class=\"ez-toc-section\" id=\"Anthy_est-il_disponible\"><\/span>Anthy est-il disponible ?<span class=\"ez-toc-section-end\"><\/span><\/h6>\n<p>Bloquant : <strong>OUI<\/strong><br \/>\nPour iBus. Parfois d&rsquo;autres IME sont install\u00e9s genre Kanji &amp; Kana, mozc&#8230; mais quand y&rsquo;en a une, ils y sont tous.<\/p>\n<h6><span class=\"ez-toc-section\" id=\"Les_drivers_et_softs_non-free_sont-ils_disponibles\"><\/span>Les drivers et softs non-free sont-ils disponibles ?<span class=\"ez-toc-section-end\"><\/span><\/h6>\n<p>Bloquant : <strong>OUI<\/strong><br \/>\nJe suis pas un libriste puriste. Je suis \u00ab\u00a0tendance libriste\u00a0\u00bb : quand y&rsquo;a deux choses qui font \u00e0 peu pr\u00e8s la m\u00eame chose, je pr\u00e9f\u00e8re la version libre. Mais si la version libre existe pas o\u00f9 est beaucoup moins bien, faut pas d\u00e9conner, \u00e0 un moment je pr\u00e9f\u00e8re avoir une vie \u00e0 c\u00f4t\u00e9.<\/p>\n<h6><span class=\"ez-toc-section\" id=\"Discord_est-il_disponible\"><\/span>Discord est-il disponible ?<span class=\"ez-toc-section-end\"><\/span><\/h6>\n<p>Bloquant : <strong>OUI<\/strong><br \/>\nParce que.<\/p>\n<h6><span class=\"ez-toc-section\" id=\"Teamviewer_est-il_disponible\"><\/span>Teamviewer est-il disponible ?<span class=\"ez-toc-section-end\"><\/span><\/h6>\n<p>Bloquant : <strong>OUI<\/strong><br \/>\nOui je sais y&rsquo;a VNC. Mais entre VNC et Teamviewer, quand on est en mobilit\u00e9, soyons honn\u00eate, il y a un monde de diff\u00e9rence.<\/p>\n<h6><span class=\"ez-toc-section\" id=\"Wine_arrive-t-il_a_faire_tourner_XMedia_Recode\"><\/span>Wine arrive-t-il \u00e0 faire tourner XMedia Recode ?<span class=\"ez-toc-section-end\"><\/span><\/h6>\n<p>Bloquant : <strong>OUI<\/strong><br \/>\nJe veux bien faire des sacrifices, mais l\u00e0 c&rsquo;est un soft de recompression standalone, donc il doit passer.<br \/>\nLa seule alternative sous Linux c&rsquo;est ffmpeg. \u00c7a tombe bien c&rsquo;est un frontend de ffmpeg version over 9000 (WinFF va te rhabiller). Les lignes de commande \u00e7a va bien 5 minutes.<br \/>\nEt \u00e7a me permet de voir si Wine fonctionne bien.<\/p>\n<h6><span class=\"ez-toc-section\" id=\"LOS_est-il_bien_traduit_en_francais\"><\/span>L&rsquo;OS est-il bien traduit en fran\u00e7ais ?<span class=\"ez-toc-section-end\"><\/span><\/h6>\n<p>Bloquant : Non<br \/>\nJe m&rsquo;en fous en fait mais je pr\u00e9f\u00e8re de l&rsquo;anglais plut\u00f4t qu&rsquo;une mauvaise trad.<\/p>\n<h6><span class=\"ez-toc-section\" id=\"Y_a-t-il_des_glitches_genants_graphique_etc\"><\/span>Y a-t-il des glitches g\u00eanants (graphique etc) ?<span class=\"ez-toc-section-end\"><\/span><\/h6>\n<p>Bloquant : OUI<br \/>\nSi \u00e7a flicke dans tous les sens, c&rsquo;est non.<\/p>\n<p>\u00c7a fait 27 points dont 17 bloquants. Vous \u00eates pr\u00eats ? On y va.<\/p>\n<h1><span class=\"ez-toc-section\" id=\"Ubuntu_1710\"><\/span>Ubuntu 17.10<span class=\"ez-toc-section-end\"><\/span><\/h1>\n<h6><span class=\"ez-toc-section\" id=\"A_linstallation_le_layout_clavier_est-il_defini_avant_de_demander_le_mot_de_passe_wi-fi-2\"><\/span>\u00c0 l&rsquo;installation, le layout clavier est-il d\u00e9fini avant de demander le mot de passe wi-fi ?<span class=\"ez-toc-section-end\"><\/span><\/h6>\n<p>Oui.<\/p>\n<h6><span class=\"ez-toc-section\" id=\"A_linstallation_le_layout_clavier_est-il_bien_detecte-2\"><\/span>\u00c0 l&rsquo;installation le layout clavier est-il bien d\u00e9tect\u00e9 ?<span class=\"ez-toc-section-end\"><\/span><\/h6>\n<p>Oui.<\/p>\n<h6><span class=\"ez-toc-section\" id=\"Au_login_le_layout_clavier_defini_est-il_respecte-2\"><\/span>Au login, le layout clavier d\u00e9fini est-il respect\u00e9 ?<span class=\"ez-toc-section-end\"><\/span><\/h6>\n<p>Oui.<\/p>\n<h6><span class=\"ez-toc-section\" id=\"Le_bureau_possede-t-il_une_barre_unifiee-2\"><\/span>Le bureau poss\u00e8de-t-il une barre unifi\u00e9e ?<span class=\"ez-toc-section-end\"><\/span><\/h6>\n<p><strong>NON<\/strong>. C&rsquo;est Gnome3. D\u00e9sol\u00e9.<\/p>\n<h6><span class=\"ez-toc-section\" id=\"La_barre_unifiee_peut-elle_etre_positionnee_en_bas_de_lecran-2\"><\/span>La barre unifi\u00e9e peut-elle \u00eatre positionn\u00e9e en bas de l&rsquo;\u00e9cran ?<span class=\"ez-toc-section-end\"><\/span><\/h6>\n<p><strong>NON<\/strong>. Il y a des extensions mais obsol\u00e8tes, non support\u00e9es&#8230;<\/p>\n<h6><span class=\"ez-toc-section\" id=\"La_touche_Super_Windows_ouvre-t-elle_le_menu_principal_du_bureau-2\"><\/span>La touche Super (Windows) ouvre-t-elle le menu principal du bureau ?<span class=\"ez-toc-section-end\"><\/span><\/h6>\n<p>Oui.<\/p>\n<h6><span class=\"ez-toc-section\" id=\"Le_raccourci_Super-E_ouvre-t-il_le_gestionnaire_de_fichiers-2\"><\/span>Le raccourci Super-E ouvre-t-il le gestionnaire de fichiers ?<span class=\"ez-toc-section-end\"><\/span><\/h6>\n<p>Non.<\/p>\n<h6><span class=\"ez-toc-section\" id=\"Le_gestionnaire_de_fichiers_possede-t-il_une_double_vue_arborescence_dossier_en_cours-2\"><\/span>Le gestionnaire de fichiers poss\u00e8de-t-il une double vue arborescence + dossier en cours ?<span class=\"ez-toc-section-end\"><\/span><\/h6>\n<p><strong>NON<\/strong>. Nautilus ne le permet pas.<\/p>\n<h6><span class=\"ez-toc-section\" id=\"Y_a-t-il_un_menu_contextuel_%C2%AB_Ouvrir_un_Terminal%E2%80%A6_%C2%BB-2\"><\/span>Y a-t-il un menu contextuel \u00ab\u00a0Ouvrir un Terminal&#8230;\u00a0\u00bb ?<span class=\"ez-toc-section-end\"><\/span><\/h6>\n<p>Oui.<br \/>\n\u00c0 noter un bug, j&rsquo;ai parfois deux fois cet \u00e9l\u00e9ment dans le menu contextuel.<\/p>\n<h6><span class=\"ez-toc-section\" id=\"Le_gestionnaire_darchives_arrive-t-il_a_extraire_une_archive_situee_sur_mon_NAS_via_menu_contextuel_Extraire%E2%80%A6-2\"><\/span>Le gestionnaire d&rsquo;archives arrive-t-il \u00e0 extraire une archive situ\u00e9e sur mon NAS (via menu contextuel Extraire&#8230;) ?<span class=\"ez-toc-section-end\"><\/span><\/h6>\n<p>Oui.<\/p>\n<h6><span class=\"ez-toc-section\" id=\"Le_gestionnaire_darchives_arrive-t-il_a_decompresser_une_archive_qui_contient_des_fichiers_nommes_en_Japonais_en_UTF-8_et_en_S-JIS\"><\/span>Le gestionnaire d&rsquo;archives arrive-t-il \u00e0 d\u00e9compresser une archive qui contient des fichiers nomm\u00e9s en Japonais en UTF-8 et en S-JIS ?<span class=\"ez-toc-section-end\"><\/span><\/h6>\n<p>Utf-8 : Oui<br \/>\nS-JIS : <strong>NON<\/strong> (erreur)<\/p>\n<h6><span class=\"ez-toc-section\" id=\"Le_gestionnaire_darchives_arrive-t-il_a_compresser_des_fichiers_nommes_en_japonais_via_menu_contextuel-2\"><\/span>Le gestionnaire d&rsquo;archives arrive-t-il \u00e0 compresser des fichiers nomm\u00e9s en japonais (via menu contextuel) ?<span class=\"ez-toc-section-end\"><\/span><\/h6>\n<p>Oui.<\/p>\n<h6><span class=\"ez-toc-section\" id=\"Lorsquune_archive_est_creee_a_partir_dune_selection_du_gestionnaire_de_fichier_le_gestionnaire_darchive_propose-t-il_un_nom_darchive_pertinent\"><\/span>Lorsqu&rsquo;une archive est cr\u00e9\u00e9e \u00e0 partir d&rsquo;une s\u00e9lection du gestionnaire de fichier, le gestionnaire d&rsquo;archive propose-t-il un nom d&rsquo;archive pertinent ?<span class=\"ez-toc-section-end\"><\/span><\/h6>\n<p><strong>NON<\/strong>.<\/p>\n<h6><span class=\"ez-toc-section\" id=\"Le_gestionnaire_darchive_via_un_menu_contextuel_propose-t-il_de_compresser_en_cbz-2\"><\/span>Le gestionnaire d&rsquo;archive, via un menu contextuel, propose-t-il de compresser en cbz ?<span class=\"ez-toc-section-end\"><\/span><\/h6>\n<p>Non.<\/p>\n<h6><span class=\"ez-toc-section\" id=\"unar_est-il_disponible-2\"><\/span>unar est-il disponible ?<span class=\"ez-toc-section-end\"><\/span><\/h6>\n<p>Oui (via apt)<\/p>\n<h6><span class=\"ez-toc-section\" id=\"unzip_permet-il_de_specifier_lencodage_de_larchive-2\"><\/span>unzip permet-il de sp\u00e9cifier l&rsquo;encodage de l&rsquo;archive ?<span class=\"ez-toc-section-end\"><\/span><\/h6>\n<p>Oui.<\/p>\n<h6><span class=\"ez-toc-section\" id=\"Y_a-t-il_un_store_dapplications-2\"><\/span>Y a-t-il un store d&rsquo;applications ?<span class=\"ez-toc-section-end\"><\/span><\/h6>\n<p>Oui.<\/p>\n<h6><span class=\"ez-toc-section\" id=\"Vivaldi_est-il_disponible-2\"><\/span>Vivaldi est-il disponible ?<span class=\"ez-toc-section-end\"><\/span><\/h6>\n<p>Oui (en .deb sur leur site)<\/p>\n<h6><span class=\"ez-toc-section\" id=\"Vivaldi_est-il_installe_avec_le_support_video_ffmpeg-2\"><\/span>Vivaldi est-il install\u00e9 avec le support vid\u00e9o ffmpeg ?<span class=\"ez-toc-section-end\"><\/span><\/h6>\n<p>Oui.<\/p>\n<h6><span class=\"ez-toc-section\" id=\"iBus_est-il_installe_et_active\"><\/span>iBus est-il install\u00e9 et activ\u00e9 ?<span class=\"ez-toc-section-end\"><\/span><\/h6>\n<p>Oui.<\/p>\n<h6><span class=\"ez-toc-section\" id=\"Anthy_est-il_disponible-2\"><\/span>Anthy est-il disponible ?<span class=\"ez-toc-section-end\"><\/span><\/h6>\n<p>Oui.<\/p>\n<h6><span class=\"ez-toc-section\" id=\"Les_drivers_et_softs_non-free_sont-ils_disponibles-2\"><\/span>Les drivers et softs non-free sont-ils disponibles ?<span class=\"ez-toc-section-end\"><\/span><\/h6>\n<p>Oui.<\/p>\n<h6><span class=\"ez-toc-section\" id=\"Discord_est-il_disponible-2\"><\/span>Discord est-il disponible ?<span class=\"ez-toc-section-end\"><\/span><\/h6>\n<p>Oui mais la version du d\u00e9p\u00f4t plante. Le package .deb sur leur site fonctionne.<\/p>\n<h6><span class=\"ez-toc-section\" id=\"Teamviewer_est-il_disponible-2\"><\/span>Teamviewer est-il disponible ?<span class=\"ez-toc-section-end\"><\/span><\/h6>\n<p>Oui.<\/p>\n<h6><span class=\"ez-toc-section\" id=\"Wine_arrive-t-il_a_faire_tourner_XMedia_Recode-2\"><\/span>Wine arrive-t-il \u00e0 faire tourner XMedia Recode ?<span class=\"ez-toc-section-end\"><\/span><\/h6>\n<p><strong>NON<\/strong>. Wine ne se lance pas.<\/p>\n<h6><span class=\"ez-toc-section\" id=\"LOS_est-il_bien_traduit_en_francais-2\"><\/span>L&rsquo;OS est-il bien traduit en fran\u00e7ais ?<span class=\"ez-toc-section-end\"><\/span><\/h6>\n<p>Oui.<\/p>\n<h6><span class=\"ez-toc-section\" id=\"Y_a-t-il_des_glitches_genants\"><\/span>Y a-t-il des glitches g\u00eanants ?<span class=\"ez-toc-section-end\"><\/span><\/h6>\n<p>Non.<\/p>\n<p>&nbsp;<\/p>\n<p>Ubuntu 17.10 : <strong>c&rsquo;est NON.<\/strong><\/p>\n<h1><span class=\"ez-toc-section\" id=\"Xubuntu_17101\"><\/span>Xubuntu 17.10.1<span class=\"ez-toc-section-end\"><\/span><\/h1>\n<h6><span class=\"ez-toc-section\" id=\"A_linstallation_le_layout_clavier_est-il_defini_avant_de_demander_le_mot_de_passe_wi-fi-3\"><\/span>\u00c0 l&rsquo;installation, le layout clavier est-il d\u00e9fini avant de demander le mot de passe wi-fi ?<span class=\"ez-toc-section-end\"><\/span><\/h6>\n<p>Non. Ils ont repris l&rsquo;installeur d&rsquo;Ubuntu en mode \u00ab\u00a0mouton\u00a0\u00bb, sans r\u00e9fl\u00e9chir.<\/p>\n<h6><span class=\"ez-toc-section\" id=\"A_linstallation_le_layout_clavier_est-il_bien_detecte-3\"><\/span>\u00c0 l&rsquo;installation le layout clavier est-il bien d\u00e9tect\u00e9 ?<span class=\"ez-toc-section-end\"><\/span><\/h6>\n<p>Non (anglais).<\/p>\n<h6><span class=\"ez-toc-section\" id=\"Au_login_le_layout_clavier_defini_est-il_respecte-3\"><\/span>Au login, le layout clavier d\u00e9fini est-il respect\u00e9 ?<span class=\"ez-toc-section-end\"><\/span><\/h6>\n<p>Oui.<\/p>\n<h6><span class=\"ez-toc-section\" id=\"Le_bureau_possede-t-il_une_barre_unifiee-3\"><\/span>Le bureau poss\u00e8de-t-il une barre unifi\u00e9e ?<span class=\"ez-toc-section-end\"><\/span><\/h6>\n<p>Oui. C&rsquo;est Xfce.<\/p>\n<h6><span class=\"ez-toc-section\" id=\"La_barre_unifiee_peut-elle_etre_positionnee_en_bas_de_lecran-3\"><\/span>La barre unifi\u00e9e peut-elle \u00eatre positionn\u00e9e en bas de l&rsquo;\u00e9cran ?<span class=\"ez-toc-section-end\"><\/span><\/h6>\n<p>Oui, facilement (il faut la d\u00e9verrouiller dans les param\u00e8tres).<\/p>\n<h6><span class=\"ez-toc-section\" id=\"La_touche_Super_Windows_ouvre-t-elle_le_menu_principal_du_bureau-3\"><\/span>La touche Super (Windows) ouvre-t-elle le menu principal du bureau ?<span class=\"ez-toc-section-end\"><\/span><\/h6>\n<p>Non. C&rsquo;est configurable mais \u00e7a a l&rsquo;air d&rsquo;\u00eatre le bordel.<\/p>\n<h6><span class=\"ez-toc-section\" id=\"Le_raccourci_Super-E_ouvre-t-il_le_gestionnaire_de_fichiers-3\"><\/span>Le raccourci Super-E ouvre-t-il le gestionnaire de fichiers ?<span class=\"ez-toc-section-end\"><\/span><\/h6>\n<p>Non. Facilement configurable \u00e7a par contre, au m\u00eame endroit.<\/p>\n<h6><span class=\"ez-toc-section\" id=\"Le_gestionnaire_de_fichiers_possede-t-il_une_double_vue_arborescence_dossier_en_cours-3\"><\/span>Le gestionnaire de fichiers poss\u00e8de-t-il une double vue arborescence + dossier en cours ?<span class=\"ez-toc-section-end\"><\/span><\/h6>\n<p>Oui. Par contre on ne peut pas cliquer sur un \u00e9l\u00e9ment du path pour revenir en arri\u00e8re&#8230; dommage.<\/p>\n<h6><span class=\"ez-toc-section\" id=\"Y_a-t-il_un_menu_contextuel_%C2%AB_Ouvrir_un_Terminal%E2%80%A6_%C2%BB-3\"><\/span>Y a-t-il un menu contextuel \u00ab\u00a0Ouvrir un Terminal&#8230;\u00a0\u00bb<span class=\"ez-toc-section-end\"><\/span><\/h6>\n<p>Oui<\/p>\n<h6><span class=\"ez-toc-section\" id=\"Le_gestionnaire_darchives_arrive-t-il_a_extraire_une_archive_situee_sur_mon_NAS_via_menu_contextuel_Extraire%E2%80%A6-3\"><\/span>Le gestionnaire d&rsquo;archives arrive-t-il \u00e0 extraire une archive situ\u00e9e sur mon NAS (via menu contextuel Extraire&#8230;) ?<span class=\"ez-toc-section-end\"><\/span><\/h6>\n<p><strong>NON.<\/strong> Pas disponible sur le NAS.<\/p>\n<h6><span class=\"ez-toc-section\" id=\"Le_gestionnaire_darchives_arrive-t-il_a_decompresser_une_archive_qui_contient_des_fichiers_nommes_en_Japonais_en_UTF-8_et_en_S-JIS_vie_menu_contextuel\"><\/span>Le gestionnaire d&rsquo;archives arrive-t-il \u00e0 d\u00e9compresser une archive qui contient des fichiers nomm\u00e9s en Japonais en UTF-8 et en S-JIS (vie menu contextuel) ?<span class=\"ez-toc-section-end\"><\/span><\/h6>\n<p><strong>NON.<\/strong> Pas disponible sur le NAS.<\/p>\n<h6><span class=\"ez-toc-section\" id=\"Le_gestionnaire_darchives_arrive-t-il_a_compresser_des_fichiers_nommes_en_japonais_via_menu_contextuel-3\"><\/span>Le gestionnaire d&rsquo;archives arrive-t-il \u00e0 compresser des fichiers nomm\u00e9s en japonais (via menu contextuel) ?<span class=\"ez-toc-section-end\"><\/span><\/h6>\n<p><strong>NON.<\/strong> Pas disponible sur le NAS.<\/p>\n<h6><span class=\"ez-toc-section\" id=\"Lorsquune_archive_est_creee_a_partir_dune_selection_du_gestionnaire_de_fichier_le_gestionnaire_darchive_propose-t-il_un_nom_darchive_pertinent-2\"><\/span>Lorsqu&rsquo;une archive est cr\u00e9\u00e9e \u00e0 partir d&rsquo;une s\u00e9lection du gestionnaire de fichier, le gestionnaire d&rsquo;archive propose-t-il un nom d&rsquo;archive pertinent ?<span class=\"ez-toc-section-end\"><\/span><\/h6>\n<p>Pas test\u00e9.\u00a0 Pas disponible sur le NAS.<\/p>\n<h6><span class=\"ez-toc-section\" id=\"Le_gestionnaire_darchive_via_un_menu_contextuel_propose-t-il_de_compresser_en_cbz-3\"><\/span>Le gestionnaire d&rsquo;archive, via un menu contextuel, propose-t-il de compresser en cbz ?<span class=\"ez-toc-section-end\"><\/span><\/h6>\n<p>Pas test\u00e9.\u00a0 Pas disponible sur le NAS.<\/p>\n<h6><span class=\"ez-toc-section\" id=\"unar_est-il_disponible-3\"><\/span>unar est-il disponible ?<span class=\"ez-toc-section-end\"><\/span><\/h6>\n<p>Oui, via apt.<\/p>\n<h6><span class=\"ez-toc-section\" id=\"unzip_permet-il_de_specifier_lencodage_de_larchive-3\"><\/span>unzip permet-il de sp\u00e9cifier l&rsquo;encodage de l&rsquo;archive ?<span class=\"ez-toc-section-end\"><\/span><\/h6>\n<p>Non.<\/p>\n<h6><span class=\"ez-toc-section\" id=\"Y_a-t-il_un_store_dapplications-3\"><\/span>Y a-t-il un store d&rsquo;applications ?<span class=\"ez-toc-section-end\"><\/span><\/h6>\n<p>Oui.<\/p>\n<h6><span class=\"ez-toc-section\" id=\"Vivaldi_est-il_disponible-3\"><\/span>Vivaldi est-il disponible ?<span class=\"ez-toc-section-end\"><\/span><\/h6>\n<p>Oui, via le .deb sur leur site.<\/p>\n<h6><span class=\"ez-toc-section\" id=\"Vivaldi_est-il_installe_avec_le_support_video_ffmpeg-3\"><\/span>Vivaldi est-il install\u00e9 avec le support vid\u00e9o ffmpeg ?<span class=\"ez-toc-section-end\"><\/span><\/h6>\n<p>Oui.<\/p>\n<h6><span class=\"ez-toc-section\" id=\"iBus_est-il_installe_et_active-2\"><\/span>iBus est-il install\u00e9 et activ\u00e9 ?<span class=\"ez-toc-section-end\"><\/span><\/h6>\n<p>Oui. Install\u00e9 mais pas activ\u00e9, il faut donc le configurer.<\/p>\n<h6><span class=\"ez-toc-section\" id=\"Anthy_est-il_disponible-3\"><\/span>Anthy est-il disponible ?<span class=\"ez-toc-section-end\"><\/span><\/h6>\n<p>Oui.<\/p>\n<h6><span class=\"ez-toc-section\" id=\"Les_drivers_et_softs_non-free_sont-ils_disponibles-3\"><\/span>Les drivers et softs non-free sont-ils disponibles ?<span class=\"ez-toc-section-end\"><\/span><\/h6>\n<p>Oui.<\/p>\n<h6><span class=\"ez-toc-section\" id=\"Discord_est-il_disponible-3\"><\/span>Discord est-il disponible ?<span class=\"ez-toc-section-end\"><\/span><\/h6>\n<p>Oui. Comme pour Ubuntu, le .deb du site fonctionne.<\/p>\n<h6><span class=\"ez-toc-section\" id=\"Teamviewer_est-il_disponible-3\"><\/span>Teamviewer est-il disponible ?<span class=\"ez-toc-section-end\"><\/span><\/h6>\n<p>Oui, en .deb sur leur site.<\/p>\n<h6><span class=\"ez-toc-section\" id=\"Wine_arrive-t-il_a_faire_tourner_XMedia_Recode-3\"><\/span>Wine arrive-t-il \u00e0 faire tourner XMedia Recode ?<span class=\"ez-toc-section-end\"><\/span><\/h6>\n<p>Pas test\u00e9 (j&rsquo;ai oubli\u00e9).<\/p>\n<h6><span class=\"ez-toc-section\" id=\"LOS_est-il_bien_traduit_en_francais-3\"><\/span>L&rsquo;OS est-il bien traduit en fran\u00e7ais ?<span class=\"ez-toc-section-end\"><\/span><\/h6>\n<p>Oui.<\/p>\n<h6><span class=\"ez-toc-section\" id=\"Y_a-t-il_des_glitches_genants-2\"><\/span>Y a-t-il des glitches g\u00eanants ?<span class=\"ez-toc-section-end\"><\/span><\/h6>\n<p>Non.<\/p>\n<p>&nbsp;<\/p>\n<p>Xubuntu 17.10, c&rsquo;est <strong>NON<\/strong>. Pas de gestionnaire d&rsquo;archive dispo sur les montages smb&#8230;<\/p>\n<h1><span class=\"ez-toc-section\" id=\"KDE_Neon_2018-03-01\"><\/span>KDE Neon 2018-03-01<span class=\"ez-toc-section-end\"><\/span><\/h1>\n<h6><span class=\"ez-toc-section\" id=\"A_linstallation_le_layout_clavier_est-il_defini_avant_de_demander_le_mot_de_passe_wi-fi-4\"><\/span>\u00c0 l&rsquo;installation, le layout clavier est-il d\u00e9fini avant de demander le mot de passe wi-fi ?<span class=\"ez-toc-section-end\"><\/span><\/h6>\n<p>Non. Putain mais merde quoi !<\/p>\n<h6><span class=\"ez-toc-section\" id=\"A_linstallation_le_layout_clavier_est-il_bien_detecte-4\"><\/span>\u00c0 l&rsquo;installation le layout clavier est-il bien d\u00e9tect\u00e9 ?<span class=\"ez-toc-section-end\"><\/span><\/h6>\n<p>Non. Il me colle un \u00ab\u00a0Fran\u00e7ais obsol\u00e8te\u00a0\u00bb qui correspond pas au clavier AZERTY standard que j&rsquo;utilise.<\/p>\n<h6><span class=\"ez-toc-section\" id=\"Au_login_le_layout_clavier_defini_est-il_respecte-4\"><\/span>Au login, le layout clavier d\u00e9fini est-il respect\u00e9 ?<span class=\"ez-toc-section-end\"><\/span><\/h6>\n<p><strong>NON.<\/strong> Le login se fait en qwerty ! Je suis TROP GENTIL, j&rsquo;ai donc continu\u00e9 le test.<\/p>\n<h6><span class=\"ez-toc-section\" id=\"Le_bureau_possede-t-il_une_barre_unifiee-4\"><\/span>Le bureau poss\u00e8de-t-il une barre unifi\u00e9e ?<span class=\"ez-toc-section-end\"><\/span><\/h6>\n<p>Oui.<\/p>\n<h6><span class=\"ez-toc-section\" id=\"La_barre_unifiee_peut-elle_etre_positionnee_en_bas_de_lecran-4\"><\/span>La barre unifi\u00e9e peut-elle \u00eatre positionn\u00e9e en bas de l&rsquo;\u00e9cran ?<span class=\"ez-toc-section-end\"><\/span><\/h6>\n<p>Oui.<\/p>\n<h6><span class=\"ez-toc-section\" id=\"La_touche_Super_Windows_ouvre-t-elle_le_menu_principal_du_bureau-4\"><\/span>La touche Super (Windows) ouvre-t-elle le menu principal du bureau ?<span class=\"ez-toc-section-end\"><\/span><\/h6>\n<p>Oui.<\/p>\n<h6><span class=\"ez-toc-section\" id=\"Le_raccourci_Super-E_ouvre-t-il_le_gestionnaire_de_fichiers-4\"><\/span>Le raccourci Super-E ouvre-t-il le gestionnaire de fichiers ?<span class=\"ez-toc-section-end\"><\/span><\/h6>\n<p>Non.<\/p>\n<h6><span class=\"ez-toc-section\" id=\"Le_gestionnaire_de_fichiers_possede-t-il_une_double_vue_arborescence_dossier_en_cours-4\"><\/span>Le gestionnaire de fichiers poss\u00e8de-t-il une double vue arborescence + dossier en cours ?<span class=\"ez-toc-section-end\"><\/span><\/h6>\n<p><strong>NON.<\/strong> Il y a une vue split\u00e9e mais \u00e7a n&rsquo;a rien \u00e0 voir.<\/p>\n<h6><span class=\"ez-toc-section\" id=\"Y_a-t-il_un_menu_contextuel_%C2%AB_Ouvrir_un_Terminal%E2%80%A6_%C2%BB-4\"><\/span>Y a-t-il un menu contextuel \u00ab\u00a0Ouvrir un Terminal&#8230;\u00a0\u00bb<span class=\"ez-toc-section-end\"><\/span><\/h6>\n<p><strong>NON<\/strong>. (pas sur le NAS). What ?<\/p>\n<h6><span class=\"ez-toc-section\" id=\"Le_gestionnaire_darchives_arrive-t-il_a_extraire_une_archive_situee_sur_mon_NAS\"><\/span>Le gestionnaire d&rsquo;archives arrive-t-il \u00e0 extraire une archive situ\u00e9e sur mon NAS ?<span class=\"ez-toc-section-end\"><\/span><\/h6>\n<p><strong>NON<\/strong>. Pas disponible sur le NAS.<\/p>\n<h6><span class=\"ez-toc-section\" id=\"Le_gestionnaire_darchives_arrive-t-il_a_decompresser_une_archive_qui_contient_des_fichiers_nommes_en_Japonais_en_UTF-8_et_en_S-JIS-2\"><\/span>Le gestionnaire d&rsquo;archives arrive-t-il \u00e0 d\u00e9compresser une archive qui contient des fichiers nomm\u00e9s en Japonais en UTF-8 et en S-JIS ?<span class=\"ez-toc-section-end\"><\/span><\/h6>\n<p><strong>NON<\/strong>. Pas disponible sur le NAS.<\/p>\n<h6><span class=\"ez-toc-section\" id=\"Le_gestionnaire_darchives_arrive-t-il_a_compresser_des_fichiers_nommes_en_japonais_via_menu_contextuel-4\"><\/span>Le gestionnaire d&rsquo;archives arrive-t-il \u00e0 compresser des fichiers nomm\u00e9s en japonais (via menu contextuel) ?<span class=\"ez-toc-section-end\"><\/span><\/h6>\n<p><strong>NON<\/strong>. Erreur sur le NAS.<\/p>\n<h6><span class=\"ez-toc-section\" id=\"Lorsquune_archive_est_creee_a_partir_dune_selection_du_gestionnaire_de_fichier_le_gestionnaire_darchive_propose-t-il_un_nom_darchive_pertinent-3\"><\/span>Lorsqu&rsquo;une archive est cr\u00e9\u00e9e \u00e0 partir d&rsquo;une s\u00e9lection du gestionnaire de fichier, le gestionnaire d&rsquo;archive propose-t-il un nom d&rsquo;archive pertinent ?<span class=\"ez-toc-section-end\"><\/span><\/h6>\n<p>Pas test\u00e9. Pas disponible sur le NAS.<\/p>\n<h6><span class=\"ez-toc-section\" id=\"Le_gestionnaire_darchive_via_un_menu_contextuel_propose-t-il_de_compresser_en_cbz-4\"><\/span>Le gestionnaire d&rsquo;archive, via un menu contextuel, propose-t-il de compresser en cbz ?<span class=\"ez-toc-section-end\"><\/span><\/h6>\n<p>Non.<\/p>\n<h6><span class=\"ez-toc-section\" id=\"unar_est-il_disponible-4\"><\/span>unar est-il disponible ?<span class=\"ez-toc-section-end\"><\/span><\/h6>\n<p>Oui via apt.<\/p>\n<h6><span class=\"ez-toc-section\" id=\"unzip_permet-il_de_specifier_lencodage_de_larchive-4\"><\/span>unzip permet-il de sp\u00e9cifier l&rsquo;encodage de l&rsquo;archive ?<span class=\"ez-toc-section-end\"><\/span><\/h6>\n<p>Non.<\/p>\n<h6><span class=\"ez-toc-section\" id=\"Y_a-t-il_un_store_dapplications-4\"><\/span>Y a-t-il un store d&rsquo;applications ?<span class=\"ez-toc-section-end\"><\/span><\/h6>\n<p>Oui.<\/p>\n<h6><span class=\"ez-toc-section\" id=\"Vivaldi_est-il_disponible-4\"><\/span>Vivaldi est-il disponible ?<span class=\"ez-toc-section-end\"><\/span><\/h6>\n<p>Oui via le .deb sur leur site.<\/p>\n<h6><span class=\"ez-toc-section\" id=\"Vivaldi_est-il_installe_avec_le_support_video_ffmpeg-4\"><\/span>Vivaldi est-il install\u00e9 avec le support vid\u00e9o ffmpeg ?<span class=\"ez-toc-section-end\"><\/span><\/h6>\n<p>Oui.<\/p>\n<h6><span class=\"ez-toc-section\" id=\"iBus_est-il_installe_et_active-3\"><\/span>iBus est-il install\u00e9 et activ\u00e9 ?<span class=\"ez-toc-section-end\"><\/span><\/h6>\n<p>Non, ou pas activ\u00e9. Mais installable.<\/p>\n<h6><span class=\"ez-toc-section\" id=\"Anthy_est-il_disponible-4\"><\/span>Anthy est-il disponible ?<span class=\"ez-toc-section-end\"><\/span><\/h6>\n<h6><span class=\"ez-toc-section\" id=\"Oui\"><\/span>Oui.<span class=\"ez-toc-section-end\"><\/span><\/h6>\n<h6><span class=\"ez-toc-section\" id=\"Les_drivers_et_softs_non-free_sont-ils_disponibles-4\"><\/span>Les drivers et softs non-free sont-ils disponibles ?<span class=\"ez-toc-section-end\"><\/span><\/h6>\n<p>Oui.<\/p>\n<h6><span class=\"ez-toc-section\" id=\"Discord_est-il_disponible-4\"><\/span>Discord est-il disponible ?<span class=\"ez-toc-section-end\"><\/span><\/h6>\n<p>Oui via le .deb sur leur site.<\/p>\n<h6><span class=\"ez-toc-section\" id=\"Teamviewer_est-il_disponible-4\"><\/span>Teamviewer est-il disponible ?<span class=\"ez-toc-section-end\"><\/span><\/h6>\n<p>Oui via le .deb sur leur site.<\/p>\n<h6><span class=\"ez-toc-section\" id=\"Wine_arrive-t-il_a_faire_tourner_XMedia_Recode-4\"><\/span>Wine arrive-t-il \u00e0 faire tourner XMedia Recode ?<span class=\"ez-toc-section-end\"><\/span><\/h6>\n<p>Oui.<\/p>\n<h6><span class=\"ez-toc-section\" id=\"LOS_est-il_bien_traduit_en_francais-4\"><\/span>L&rsquo;OS est-il bien traduit en fran\u00e7ais ?<span class=\"ez-toc-section-end\"><\/span><\/h6>\n<p>Oui.<\/p>\n<h6><span class=\"ez-toc-section\" id=\"Y_a-t-il_des_glitches_genants-3\"><\/span>Y a-t-il des glitches g\u00eanants.<span class=\"ez-toc-section-end\"><\/span><\/h6>\n<p>Non.<\/p>\n<p>KDE Non, c&rsquo;est <strong>NEON<\/strong>.<\/p>\n<p>Pardon : KDE Neon, c&rsquo;est <strong>NON<\/strong>.<\/p>\n<h1><span class=\"ez-toc-section\" id=\"Linux_Mint_183_Sylvia\"><\/span>Linux Mint 18.3 Sylvia<span class=\"ez-toc-section-end\"><\/span><\/h1>\n<h6><span class=\"ez-toc-section\" id=\"A_linstallation_le_layout_clavier_est-il_defini_avant_de_demander_le_mot_de_passe_wi-fi-5\"><\/span>\u00c0 l&rsquo;installation, le layout clavier est-il d\u00e9fini avant de demander le mot de passe wi-fi ?<span class=\"ez-toc-section-end\"><\/span><\/h6>\n<p>Non. On commence \u00e0 avoir l&rsquo;habitude&#8230;<\/p>\n<h6><span class=\"ez-toc-section\" id=\"A_linstallation_le_layout_clavier_est-il_bien_detecte-5\"><\/span>\u00c0 l&rsquo;installation le layout clavier est-il bien d\u00e9tect\u00e9 ?<span class=\"ez-toc-section-end\"><\/span><\/h6>\n<p>Non : l&rsquo;obscur fran\u00e7ais obsol\u00e8te, encore.<\/p>\n<h6><span class=\"ez-toc-section\" id=\"Au_login_le_layout_clavier_defini_est-il_respecte-5\"><\/span>Au login, le layout clavier d\u00e9fini est-il respect\u00e9 ?<span class=\"ez-toc-section-end\"><\/span><\/h6>\n<p>Oui.<\/p>\n<h6><span class=\"ez-toc-section\" id=\"Le_bureau_possede-t-il_une_barre_unifiee-5\"><\/span>Le bureau poss\u00e8de-t-il une barre unifi\u00e9e ?<span class=\"ez-toc-section-end\"><\/span><\/h6>\n<p>Oui. C&rsquo;est Cinnamon.<\/p>\n<h6><span class=\"ez-toc-section\" id=\"La_barre_unifiee_peut-elle_etre_positionnee_en_bas_de_lecran-5\"><\/span>La barre unifi\u00e9e peut-elle \u00eatre positionn\u00e9e en bas de l&rsquo;\u00e9cran ?<span class=\"ez-toc-section-end\"><\/span><\/h6>\n<p>Oui.<\/p>\n<h6><span class=\"ez-toc-section\" id=\"La_touche_Super_Windows_ouvre-t-elle_le_menu_principal_du_bureau-5\"><\/span>La touche Super (Windows) ouvre-t-elle le menu principal du bureau ?<span class=\"ez-toc-section-end\"><\/span><\/h6>\n<p>Oui.<\/p>\n<h6><span class=\"ez-toc-section\" id=\"Le_raccourci_Super-E_ouvre-t-il_le_gestionnaire_de_fichiers-5\"><\/span>Le raccourci Super-E ouvre-t-il le gestionnaire de fichiers ?<span class=\"ez-toc-section-end\"><\/span><\/h6>\n<p>Oui.<\/p>\n<h6><span class=\"ez-toc-section\" id=\"Le_gestionnaire_de_fichiers_possede-t-il_une_double_vue_arborescence_dossier_en_cours-5\"><\/span>Le gestionnaire de fichiers poss\u00e8de-t-il une double vue arborescence + dossier en cours ?<span class=\"ez-toc-section-end\"><\/span><\/h6>\n<p>Oui.<\/p>\n<h6><span class=\"ez-toc-section\" id=\"Y_a-t-il_un_menu_contextuel_%C2%AB_Ouvrir_un_Terminal%E2%80%A6_%C2%BB-5\"><\/span>Y a-t-il un menu contextuel \u00ab\u00a0Ouvrir un Terminal&#8230;\u00a0\u00bb<span class=\"ez-toc-section-end\"><\/span><\/h6>\n<p>Oui.<\/p>\n<h6><span class=\"ez-toc-section\" id=\"Le_gestionnaire_darchives_arrive-t-il_a_extraire_une_archive_situee_sur_mon_NAS-2\"><\/span>Le gestionnaire d&rsquo;archives arrive-t-il \u00e0 extraire une archive situ\u00e9e sur mon NAS ?<span class=\"ez-toc-section-end\"><\/span><\/h6>\n<p>Oui (mais c&rsquo;est un peu long, copie-t-il tout en local ? Imbitable en wifi)<\/p>\n<h6><span class=\"ez-toc-section\" id=\"Le_gestionnaire_darchives_arrive-t-il_a_decompresser_une_archive_qui_contient_des_fichiers_nommes_en_Japonais_en_UTF-8_et_en_S-JIS-3\"><\/span>Le gestionnaire d&rsquo;archives arrive-t-il \u00e0 d\u00e9compresser une archive qui contient des fichiers nomm\u00e9s en Japonais en UTF-8 et en S-JIS ?<span class=\"ez-toc-section-end\"><\/span><\/h6>\n<p>UTF-8 : Oui<br \/>\nS-JIS : Oui mais avec le mauvais charset (comme Windows)<\/p>\n<h6><span class=\"ez-toc-section\" id=\"Le_gestionnaire_darchives_arrive-t-il_a_compresser_des_fichiers_nommes_en_japonais\"><\/span>Le gestionnaire d&rsquo;archives arrive-t-il \u00e0 compresser des fichiers nomm\u00e9s en japonais ?<span class=\"ez-toc-section-end\"><\/span><\/h6>\n<p><strong>NON<\/strong>. Sur le NAS j&rsquo;ai une erreur comme quoi j&rsquo;ai pas la permission de le faire (j&rsquo;arrive \u00e0 cr\u00e9er d&rsquo;autres fichiers sans probl\u00e8me).<\/p>\n<h6><span class=\"ez-toc-section\" id=\"Lorsquune_archive_est_creee_a_partir_dune_selection_du_gestionnaire_de_fichier_le_gestionnaire_darchive_propose-t-il_un_nom_darchive_pertinent-4\"><\/span>Lorsqu&rsquo;une archive est cr\u00e9\u00e9e \u00e0 partir d&rsquo;une s\u00e9lection du gestionnaire de fichier, le gestionnaire d&rsquo;archive propose-t-il un nom d&rsquo;archive pertinent ?<span class=\"ez-toc-section-end\"><\/span><\/h6>\n<p>Oui. Limite un peu trop, \u00e0 la racine du partage il me propose \u00ab\u00a0\/\u00a0\u00bb \ud83d\ude00<\/p>\n<h6><span class=\"ez-toc-section\" id=\"Le_gestionnaire_darchive_via_un_menu_contextuel_propose-t-il_de_compresser_en_cbz-5\"><\/span>Le gestionnaire d&rsquo;archive, via un menu contextuel, propose-t-il de compresser en cbz ?<span class=\"ez-toc-section-end\"><\/span><\/h6>\n<p>Oui.<\/p>\n<h6><span class=\"ez-toc-section\" id=\"unar_est-il_disponible-5\"><\/span>unar est-il disponible ?<span class=\"ez-toc-section-end\"><\/span><\/h6>\n<p>Oui.<\/p>\n<h6><span class=\"ez-toc-section\" id=\"unzip_permet-il_de_specifier_lencodage_de_larchive-5\"><\/span>unzip permet-il de sp\u00e9cifier l&rsquo;encodage de l&rsquo;archive ?<span class=\"ez-toc-section-end\"><\/span><\/h6>\n<p>Oui.<\/p>\n<h6><span class=\"ez-toc-section\" id=\"Y_a-t-il_un_store_dapplications-5\"><\/span>Y a-t-il un store d&rsquo;applications ?<span class=\"ez-toc-section-end\"><\/span><\/h6>\n<p>Oui.<\/p>\n<h6><span class=\"ez-toc-section\" id=\"Vivaldi_est-il_disponible-5\"><\/span>Vivaldi est-il disponible ?<span class=\"ez-toc-section-end\"><\/span><\/h6>\n<p>Oui via le .deb sur leur site.<\/p>\n<h6><span class=\"ez-toc-section\" id=\"Vivaldi_est-il_installe_avec_le_support_video_ffmpeg-5\"><\/span>Vivaldi est-il install\u00e9 avec le support vid\u00e9o ffmpeg ?<span class=\"ez-toc-section-end\"><\/span><\/h6>\n<p>Oui.<\/p>\n<h6><span class=\"ez-toc-section\" id=\"iBus_est-il_installe_et_active-4\"><\/span>iBus est-il install\u00e9 et activ\u00e9 ?<span class=\"ez-toc-section-end\"><\/span><\/h6>\n<p>Oui, mais apparemment pas activ\u00e9 par d\u00e9faut.<\/p>\n<h6><span class=\"ez-toc-section\" id=\"Anthy_est-il_disponible-5\"><\/span>Anthy est-il disponible ?<span class=\"ez-toc-section-end\"><\/span><\/h6>\n<p>Oui.<\/p>\n<h6><span class=\"ez-toc-section\" id=\"Les_drivers_et_softs_non-free_sont-ils_disponibles-5\"><\/span>Les drivers et softs non-free sont-ils disponibles ?<span class=\"ez-toc-section-end\"><\/span><\/h6>\n<p>Oui.<\/p>\n<h6><span class=\"ez-toc-section\" id=\"Discord_est-il_disponible-5\"><\/span>Discord est-il disponible ?<span class=\"ez-toc-section-end\"><\/span><\/h6>\n<p>Oui via le .deb sur leur site.<\/p>\n<h6><span class=\"ez-toc-section\" id=\"Teamviewer_est-il_disponible-5\"><\/span>Teamviewer est-il disponible ?<span class=\"ez-toc-section-end\"><\/span><\/h6>\n<p>Oui via le .deb sur leur site.<\/p>\n<h6><span class=\"ez-toc-section\" id=\"Wine_arrive-t-il_a_faire_tourner_XMedia_Recode-5\"><\/span>Wine arrive-t-il \u00e0 faire tourner XMedia Recode ?<span class=\"ez-toc-section-end\"><\/span><\/h6>\n<p>Oui.<\/p>\n<h6><span class=\"ez-toc-section\" id=\"LOS_est-il_bien_traduit_en_francais-5\"><\/span>L&rsquo;OS est-il bien traduit en fran\u00e7ais ?<span class=\"ez-toc-section-end\"><\/span><\/h6>\n<p>Oui.<\/p>\n<h6><span class=\"ez-toc-section\" id=\"Y_a-t-il_des_glitches_genants-4\"><\/span>Y a-t-il des glitches g\u00eanants ?<span class=\"ez-toc-section-end\"><\/span><\/h6>\n<p><strong>OUI<\/strong>. Un flicker au refresh dans tous les navigateurs web, super g\u00eanant sur les r\u00e9seaux sociaux qui rafra\u00eechissent r\u00e9guli\u00e8rement.<\/p>\n<p>&nbsp;<\/p>\n<p>Linux Mint 18.3. C&rsquo;est tr\u00e8s triste car on y \u00e9tait presque ! Mais malheureusement, c&rsquo;est <strong>NON<\/strong>.<\/p>\n<p>\u00c0 noter : j&rsquo;ai ensuite test\u00e9 le gestionnaire d&rsquo;archives avec des montages manuels et \u00e7a fonctionne. Malheureusement les glitches graphiques sont imbuvables. Donc c&rsquo;est toujours non.<\/p>\n<h1><span class=\"ez-toc-section\" id=\"Fedora_27\"><\/span>Fedora 27<span class=\"ez-toc-section-end\"><\/span><\/h1>\n<h6><span class=\"ez-toc-section\" id=\"A_linstallation_le_layout_clavier_est-il_defini_avant_de_demander_le_mot_de_passe_wi-fi-6\"><\/span>\u00c0 l&rsquo;installation, le layout clavier est-il d\u00e9fini avant de demander le mot de passe wi-fi ?<span class=\"ez-toc-section-end\"><\/span><\/h6>\n<p>Oui. Enfin. Merci.<br \/>\nJe dois aussi dire que la liste des langues utilise les scripts de chaque langue (et pas l&rsquo;anglais). C&rsquo;est vraiment le minimum en 2018 !<\/p>\n<h6><span class=\"ez-toc-section\" id=\"A_linstallation_le_layout_clavier_est-il_bien_detecte-6\"><\/span>\u00c0 l&rsquo;installation le layout clavier est-il bien d\u00e9tect\u00e9 ?<span class=\"ez-toc-section-end\"><\/span><\/h6>\n<p>Oui.<\/p>\n<h6><span class=\"ez-toc-section\" id=\"Au_login_le_layout_clavier_defini_est-il_respecte-6\"><\/span>Au login, le layout clavier d\u00e9fini est-il respect\u00e9 ?<span class=\"ez-toc-section-end\"><\/span><\/h6>\n<p>Oui.<\/p>\n<h6><span class=\"ez-toc-section\" id=\"Le_bureau_possede-t-il_une_barre_unifiee-6\"><\/span>Le bureau poss\u00e8de-t-il une barre unifi\u00e9e ?<span class=\"ez-toc-section-end\"><\/span><\/h6>\n<p><strong>NON<\/strong>. C&rsquo;est Gnome3.<\/p>\n<h6><span class=\"ez-toc-section\" id=\"La_barre_unifiee_peut-elle_etre_positionnee_en_bas_de_lecran-6\"><\/span>La barre unifi\u00e9e peut-elle \u00eatre positionn\u00e9e en bas de l&rsquo;\u00e9cran ?<span class=\"ez-toc-section-end\"><\/span><\/h6>\n<p><strong>NON<\/strong>.<\/p>\n<h6><span class=\"ez-toc-section\" id=\"La_touche_Super_Windows_ouvre-t-elle_le_menu_principal_du_bureau-6\"><\/span>La touche Super (Windows) ouvre-t-elle le menu principal du bureau ?<span class=\"ez-toc-section-end\"><\/span><\/h6>\n<p>Oui.<\/p>\n<h6><span class=\"ez-toc-section\" id=\"Le_raccourci_Super-E_ouvre-t-il_le_gestionnaire_de_fichiers-6\"><\/span>Le raccourci Super-E ouvre-t-il le gestionnaire de fichiers ?<span class=\"ez-toc-section-end\"><\/span><\/h6>\n<p>Non.<\/p>\n<h6><span class=\"ez-toc-section\" id=\"Le_gestionnaire_de_fichiers_possede-t-il_une_double_vue_arborescence_dossier_en_cours-6\"><\/span>Le gestionnaire de fichiers poss\u00e8de-t-il une double vue arborescence + dossier en cours ?<span class=\"ez-toc-section-end\"><\/span><\/h6>\n<p><strong>NON<\/strong>.<\/p>\n<h6><span class=\"ez-toc-section\" id=\"Y_a-t-il_un_menu_contextuel_%C2%AB_Ouvrir_un_Terminal%E2%80%A6_%C2%BB-6\"><\/span>Y a-t-il un menu contextuel \u00ab\u00a0Ouvrir un Terminal&#8230;\u00a0\u00bb<span class=\"ez-toc-section-end\"><\/span><\/h6>\n<p>Oui. M\u00eame bug qu&rsquo;avec Ubuntu.<\/p>\n<h6><span class=\"ez-toc-section\" id=\"Le_gestionnaire_darchives_arrive-t-il_a_extraire_une_archive_situee_sur_mon_NAS-3\"><\/span>Le gestionnaire d&rsquo;archives arrive-t-il \u00e0 extraire une archive situ\u00e9e sur mon NAS ?<span class=\"ez-toc-section-end\"><\/span><\/h6>\n<p><strong>NON<\/strong>.<\/p>\n<h6><span class=\"ez-toc-section\" id=\"Le_gestionnaire_darchives_arrive-t-il_a_decompresser_une_archive_qui_contient_des_fichiers_nommes_en_Japonais_en_UTF-8_et_en_S-JIS-4\"><\/span>Le gestionnaire d&rsquo;archives arrive-t-il \u00e0 d\u00e9compresser une archive qui contient des fichiers nomm\u00e9s en Japonais en UTF-8 et en S-JIS ?<span class=\"ez-toc-section-end\"><\/span><\/h6>\n<p>UTF-8 : Oui.<br \/>\nS-JIS : Oui mais mauvais encodage (comme sur Windows)<\/p>\n<h6><span class=\"ez-toc-section\" id=\"Le_gestionnaire_darchives_arrive-t-il_a_compresser_des_fichiers_nommes_en_japonais-2\"><\/span>Le gestionnaire d&rsquo;archives arrive-t-il \u00e0 compresser des fichiers nomm\u00e9s en japonais ?<span class=\"ez-toc-section-end\"><\/span><\/h6>\n<p><strong>NON<\/strong>. \u00c9chec sur le NAS.<\/p>\n<h6><span class=\"ez-toc-section\" id=\"Lorsquune_archive_est_creee_a_partir_dune_selection_du_gestionnaire_de_fichier_le_gestionnaire_darchive_propose-t-il_un_nom_darchive_pertinent-5\"><\/span>Lorsqu&rsquo;une archive est cr\u00e9\u00e9e \u00e0 partir d&rsquo;une s\u00e9lection du gestionnaire de fichier, le gestionnaire d&rsquo;archive propose-t-il un nom d&rsquo;archive pertinent ?<span class=\"ez-toc-section-end\"><\/span><\/h6>\n<p><strong>NON<\/strong>.<\/p>\n<h6><span class=\"ez-toc-section\" id=\"Le_gestionnaire_darchive_via_un_menu_contextuel_propose-t-il_de_compresser_en_cbz-6\"><\/span>Le gestionnaire d&rsquo;archive, via un menu contextuel, propose-t-il de compresser en cbz ?<span class=\"ez-toc-section-end\"><\/span><\/h6>\n<p>Non.<\/p>\n<h6><span class=\"ez-toc-section\" id=\"unar_est-il_disponible-6\"><\/span>unar est-il disponible ?<span class=\"ez-toc-section-end\"><\/span><\/h6>\n<p><strong>NON<\/strong>. N&rsquo;ayant pas l&rsquo;habitude de Fedora, j&rsquo;ai pas pu pousser avec yum &amp; cie.<\/p>\n<h6><span class=\"ez-toc-section\" id=\"unzip_permet-il_de_specifier_lencodage_de_larchive-6\"><\/span>unzip permet-il de sp\u00e9cifier l&rsquo;encodage de l&rsquo;archive ?<span class=\"ez-toc-section-end\"><\/span><\/h6>\n<p>Oui.<\/p>\n<h6><span class=\"ez-toc-section\" id=\"Y_a-t-il_un_store_dapplications-6\"><\/span>Y a-t-il un store d&rsquo;applications ?<span class=\"ez-toc-section-end\"><\/span><\/h6>\n<p>Oui.<\/p>\n<h6><span class=\"ez-toc-section\" id=\"Vivaldi_est-il_disponible-6\"><\/span>Vivaldi est-il disponible ?<span class=\"ez-toc-section-end\"><\/span><\/h6>\n<p>Oui via le rpm sur leur site.<\/p>\n<h6><span class=\"ez-toc-section\" id=\"Vivaldi_est-il_installe_avec_le_support_video_ffmpeg-6\"><\/span>Vivaldi est-il install\u00e9 avec le support vid\u00e9o ffmpeg ?<span class=\"ez-toc-section-end\"><\/span><\/h6>\n<p>Non.<\/p>\n<h6><span class=\"ez-toc-section\" id=\"iBus_est-il_installe_et_active-5\"><\/span>iBus est-il install\u00e9 et activ\u00e9 ?<span class=\"ez-toc-section-end\"><\/span><\/h6>\n<p>Oui.<\/p>\n<h6><span class=\"ez-toc-section\" id=\"Anthy_est-il_disponible-6\"><\/span>Anthy est-il disponible ?<span class=\"ez-toc-section-end\"><\/span><\/h6>\n<p>Oui.<\/p>\n<h6><span class=\"ez-toc-section\" id=\"Les_drivers_et_softs_non-free_sont-ils_disponibles-6\"><\/span>Les drivers et softs non-free sont-ils disponibles ?<span class=\"ez-toc-section-end\"><\/span><\/h6>\n<p><strong>NON<\/strong>.<\/p>\n<h6><span class=\"ez-toc-section\" id=\"Discord_est-il_disponible-6\"><\/span>Discord est-il disponible ?<span class=\"ez-toc-section-end\"><\/span><\/h6>\n<p><strong>NON<\/strong>.<\/p>\n<h6><span class=\"ez-toc-section\" id=\"Teamviewer_est-il_disponible-6\"><\/span>Teamviewer est-il disponible ?<span class=\"ez-toc-section-end\"><\/span><\/h6>\n<p>Oui via le rpm sur leur site.<\/p>\n<h6><span class=\"ez-toc-section\" id=\"Wine_arrive-t-il_a_faire_tourner_XMedia_Recode-6\"><\/span>Wine arrive-t-il \u00e0 faire tourner XMedia Recode ?<span class=\"ez-toc-section-end\"><\/span><\/h6>\n<p>Pas test\u00e9 (oubli de ma part).<\/p>\n<h6><span class=\"ez-toc-section\" id=\"LOS_est-il_bien_traduit_en_francais-6\"><\/span>L&rsquo;OS est-il bien traduit en fran\u00e7ais ?<span class=\"ez-toc-section-end\"><\/span><\/h6>\n<p>Oui.<\/p>\n<h6><span class=\"ez-toc-section\" id=\"Y_a-t-il_des_glitches_genants-5\"><\/span>Y a-t-il des glitches g\u00eanants ?<span class=\"ez-toc-section-end\"><\/span><\/h6>\n<p>Non.<\/p>\n<p>&nbsp;<\/p>\n<p>Fedora 27, c&rsquo;est <strong>NON<\/strong>.<\/p>\n<p>&nbsp;<\/p>\n<h1><span class=\"ez-toc-section\" id=\"Solus_Budgie_432018\"><\/span>Solus Budgie (4\/3\/2018)<span class=\"ez-toc-section-end\"><\/span><\/h1>\n<h6><span class=\"ez-toc-section\" id=\"A_linstallation_le_layout_clavier_est-il_defini_avant_de_demander_le_mot_de_passe_wi-fi-7\"><\/span>\u00c0 l&rsquo;installation, le layout clavier est-il d\u00e9fini avant de demander le mot de passe wi-fi ?<span class=\"ez-toc-section-end\"><\/span><\/h6>\n<p>Oui. *pleure de joie*<\/p>\n<h6><span class=\"ez-toc-section\" id=\"A_linstallation_le_layout_clavier_est-il_bien_detecte-7\"><\/span>\u00c0 l&rsquo;installation le layout clavier est-il bien d\u00e9tect\u00e9 ?<span class=\"ez-toc-section-end\"><\/span><\/h6>\n<p>Oui.<\/p>\n<h6><span class=\"ez-toc-section\" id=\"Au_login_le_layout_clavier_defini_est-il_respecte-7\"><\/span>Au login, le layout clavier d\u00e9fini est-il respect\u00e9 ?<span class=\"ez-toc-section-end\"><\/span><\/h6>\n<p>Oui.<\/p>\n<h6><span class=\"ez-toc-section\" id=\"Le_bureau_possede-t-il_une_barre_unifiee-7\"><\/span>Le bureau poss\u00e8de-t-il une barre unifi\u00e9e ?<span class=\"ez-toc-section-end\"><\/span><\/h6>\n<p>Oui.<\/p>\n<h6><span class=\"ez-toc-section\" id=\"La_barre_unifiee_peut-elle_etre_positionnee_en_bas_de_lecran-7\"><\/span>La barre unifi\u00e9e peut-elle \u00eatre positionn\u00e9e en bas de l&rsquo;\u00e9cran ?<span class=\"ez-toc-section-end\"><\/span><\/h6>\n<p>Oui.<\/p>\n<h6><span class=\"ez-toc-section\" id=\"La_touche_Super_Windows_ouvre-t-elle_le_menu_principal_du_bureau-7\"><\/span>La touche Super (Windows) ouvre-t-elle le menu principal du bureau ?<span class=\"ez-toc-section-end\"><\/span><\/h6>\n<p>Oui.<\/p>\n<h6><span class=\"ez-toc-section\" id=\"Le_raccourci_Super-E_ouvre-t-il_le_gestionnaire_de_fichiers-7\"><\/span>Le raccourci Super-E ouvre-t-il le gestionnaire de fichiers ?<span class=\"ez-toc-section-end\"><\/span><\/h6>\n<p>Non.<\/p>\n<h6><span class=\"ez-toc-section\" id=\"Le_gestionnaire_de_fichiers_possede-t-il_une_double_vue_arborescence_dossier_en_cours-7\"><\/span>Le gestionnaire de fichiers poss\u00e8de-t-il une double vue arborescence + dossier en cours ?<span class=\"ez-toc-section-end\"><\/span><\/h6>\n<p><strong>NON<\/strong>. C&rsquo;est malheureusement Nautilus.<\/p>\n<h6><span class=\"ez-toc-section\" id=\"Y_a-t-il_un_menu_contextuel_%C2%AB_Ouvrir_un_Terminal%E2%80%A6_%C2%BB-7\"><\/span>Y a-t-il un menu contextuel \u00ab\u00a0Ouvrir un Terminal&#8230;\u00a0\u00bb<span class=\"ez-toc-section-end\"><\/span><\/h6>\n<p>Oui.<\/p>\n<h6><span class=\"ez-toc-section\" id=\"Le_gestionnaire_darchives_arrive-t-il_a_extraire_une_archive_situee_sur_mon_NAS-4\"><\/span>Le gestionnaire d&rsquo;archives arrive-t-il \u00e0 extraire une archive situ\u00e9e sur mon NAS ?<span class=\"ez-toc-section-end\"><\/span><\/h6>\n<p>Oui.<\/p>\n<h6><span class=\"ez-toc-section\" id=\"Le_gestionnaire_darchives_arrive-t-il_a_decompresser_une_archive_qui_contient_des_fichiers_nommes_en_Japonais_en_UTF-8_et_en_S-JIS-5\"><\/span>Le gestionnaire d&rsquo;archives arrive-t-il \u00e0 d\u00e9compresser une archive qui contient des fichiers nomm\u00e9s en Japonais en UTF-8 et en S-JIS ?<span class=\"ez-toc-section-end\"><\/span><\/h6>\n<p>UTF-8 : Oui<br \/>\nS-JIS : <strong>NON<\/strong> (erreur)<\/p>\n<h6><span class=\"ez-toc-section\" id=\"Le_gestionnaire_darchives_arrive-t-il_a_compresser_des_fichiers_nommes_en_japonais-3\"><\/span>Le gestionnaire d&rsquo;archives arrive-t-il \u00e0 compresser des fichiers nomm\u00e9s en japonais ?<span class=\"ez-toc-section-end\"><\/span><\/h6>\n<p>Oui.<\/p>\n<h6><span class=\"ez-toc-section\" id=\"Lorsquune_archive_est_creee_a_partir_dune_selection_du_gestionnaire_de_fichier_le_gestionnaire_darchive_propose-t-il_un_nom_darchive_pertinent-6\"><\/span>Lorsqu&rsquo;une archive est cr\u00e9\u00e9e \u00e0 partir d&rsquo;une s\u00e9lection du gestionnaire de fichier, le gestionnaire d&rsquo;archive propose-t-il un nom d&rsquo;archive pertinent ?<span class=\"ez-toc-section-end\"><\/span><\/h6>\n<p><strong>NON<\/strong>.<\/p>\n<h6><span class=\"ez-toc-section\" id=\"Le_gestionnaire_darchive_via_un_menu_contextuel_propose-t-il_de_compresser_en_cbz-7\"><\/span>Le gestionnaire d&rsquo;archive, via un menu contextuel, propose-t-il de compresser en cbz ?<span class=\"ez-toc-section-end\"><\/span><\/h6>\n<p>Non.<\/p>\n<h6><span class=\"ez-toc-section\" id=\"unar_est-il_disponible-7\"><\/span>unar est-il disponible ?<span class=\"ez-toc-section-end\"><\/span><\/h6>\n<p><strong>NON<\/strong>.<\/p>\n<h6><span class=\"ez-toc-section\" id=\"unzip_permet-il_de_specifier_lencodage_de_larchive-7\"><\/span>unzip permet-il de sp\u00e9cifier l&rsquo;encodage de l&rsquo;archive ?<span class=\"ez-toc-section-end\"><\/span><\/h6>\n<p>Non.<\/p>\n<h6><span class=\"ez-toc-section\" id=\"Y_a-t-il_un_store_dapplications-7\"><\/span>Y a-t-il un store d&rsquo;applications ?<span class=\"ez-toc-section-end\"><\/span><\/h6>\n<p>Oui.<\/p>\n<h6><span class=\"ez-toc-section\" id=\"Vivaldi_est-il_disponible-7\"><\/span>Vivaldi est-il disponible ?<span class=\"ez-toc-section-end\"><\/span><\/h6>\n<p>Oui, sur le store.<\/p>\n<h6><span class=\"ez-toc-section\" id=\"Vivaldi_est-il_installe_avec_le_support_video_ffmpeg-7\"><\/span>Vivaldi est-il install\u00e9 avec le support vid\u00e9o ffmpeg ?<span class=\"ez-toc-section-end\"><\/span><\/h6>\n<p>Non.<\/p>\n<h6><span class=\"ez-toc-section\" id=\"iBus_est-il_installe_et_active-6\"><\/span>iBus est-il install\u00e9 et activ\u00e9 ?<span class=\"ez-toc-section-end\"><\/span><\/h6>\n<p>Oui.<\/p>\n<h6><span class=\"ez-toc-section\" id=\"Anthy_est-il_disponible-7\"><\/span>Anthy est-il disponible ?<span class=\"ez-toc-section-end\"><\/span><\/h6>\n<p>Oui.<\/p>\n<h6><span class=\"ez-toc-section\" id=\"Les_drivers_et_softs_non-free_sont-ils_disponibles-7\"><\/span>Les drivers et softs non-free sont-ils disponibles ?<span class=\"ez-toc-section-end\"><\/span><\/h6>\n<p>Oui.<\/p>\n<h6><span class=\"ez-toc-section\" id=\"Discord_est-il_disponible-7\"><\/span>Discord est-il disponible ?<span class=\"ez-toc-section-end\"><\/span><\/h6>\n<p>Oui, sur le store.<\/p>\n<h6><span class=\"ez-toc-section\" id=\"Teamviewer_est-il_disponible-7\"><\/span>Teamviewer est-il disponible ?<span class=\"ez-toc-section-end\"><\/span><\/h6>\n<p><strong>NON<\/strong>. Il y a un tgz sur leur site mais il ne s&rsquo;installe pas correctement.<br \/>\nDes docs le donnent disponible mais il a \u00e9t\u00e9 retir\u00e9 des d\u00e9p\u00f4ts depuis.<\/p>\n<h6><span class=\"ez-toc-section\" id=\"Wine_arrive-t-il_a_faire_tourner_XMedia_Recode-7\"><\/span>Wine arrive-t-il \u00e0 faire tourner XMedia Recode ?<span class=\"ez-toc-section-end\"><\/span><\/h6>\n<p>Oui, mais avec des bugs d&rsquo;affichage au niveau des polices Windows (Wine 3.1).<\/p>\n<h6><span class=\"ez-toc-section\" id=\"LOS_est-il_bien_traduit_en_francais-7\"><\/span>L&rsquo;OS est-il bien traduit en fran\u00e7ais ?<span class=\"ez-toc-section-end\"><\/span><\/h6>\n<p>Non, il y a des bribes d&rsquo;anglais qui restent.<\/p>\n<h6><span class=\"ez-toc-section\" id=\"Y_a-t-il_des_glitches_genants-6\"><\/span>Y a-t-il des glitches g\u00eanants ?<span class=\"ez-toc-section-end\"><\/span><\/h6>\n<p>Non.<\/p>\n<p>&nbsp;<\/p>\n<p>Solus Budgie, c&rsquo;est <strong>NON<\/strong>.<\/p>\n<p>&nbsp;<\/p>\n<h1><span class=\"ez-toc-section\" id=\"Solus_MATE_332018\"><\/span>Solus MATE 3\/3\/2018<span class=\"ez-toc-section-end\"><\/span><\/h1>\n<h6><span class=\"ez-toc-section\" id=\"A_linstallation_le_layout_clavier_est-il_defini_avant_de_demander_le_mot_de_passe_wi-fi-8\"><\/span>\u00c0 l&rsquo;installation, le layout clavier est-il d\u00e9fini avant de demander le mot de passe wi-fi ?<span class=\"ez-toc-section-end\"><\/span><\/h6>\n<p>Oui.<\/p>\n<h6><span class=\"ez-toc-section\" id=\"A_linstallation_le_layout_clavier_est-il_bien_detecte-8\"><\/span>\u00c0 l&rsquo;installation le layout clavier est-il bien d\u00e9tect\u00e9 ?<span class=\"ez-toc-section-end\"><\/span><\/h6>\n<p>Oui.<\/p>\n<h6><span class=\"ez-toc-section\" id=\"Au_login_le_layout_clavier_defini_est-il_respecte-8\"><\/span>Au login, le layout clavier d\u00e9fini est-il respect\u00e9 ?<span class=\"ez-toc-section-end\"><\/span><\/h6>\n<p><strong>NON<\/strong>.<\/p>\n<p>&nbsp;<\/p>\n<p>Je me suis arr\u00eat\u00e9 l\u00e0.<br \/>\nSolus MATE, c&rsquo;est <strong>NON<\/strong>.<\/p>\n<p>&nbsp;<\/p>\n<h1><span class=\"ez-toc-section\" id=\"Debian_Stretch_93\"><\/span>Debian Stretch 9.3<span class=\"ez-toc-section-end\"><\/span><\/h1>\n<h6><span class=\"ez-toc-section\" id=\"Y_a-t-il_des_glitches_genants-7\"><\/span><span style=\"font-size: 1rem;\">Y a-t-il des glitches g\u00eanants ?<\/span><span class=\"ez-toc-section-end\"><\/span><\/h6>\n<p><span style=\"font-size: 1rem;\"><strong>OUI<\/strong>. \u00c7a flicke de partout (chipset Intel avec les d\u00e9p\u00f4ts nonfree)<\/span><\/p>\n<p>Debian, <strong>c&rsquo;est NON.<\/strong><\/p>\n<h1><span class=\"ez-toc-section\" id=\"Conclusion\"><\/span>Conclusion<span class=\"ez-toc-section-end\"><\/span><\/h1>\n<p>Et la distribution gagnante est&#8230; aucune !<br \/>\nJe vais rester sur Windows 10.<\/p>\n<p>Lors de cette semaine j&rsquo;ai \u00e9t\u00e9 \u00e0 la fois agr\u00e9ablement surpris et extr\u00eamement d\u00e9\u00e7u.<\/p>\n<h2><span class=\"ez-toc-section\" id=\"Love_me\"><\/span>Love me<span class=\"ez-toc-section-end\"><\/span><\/h2>\n<p>Agr\u00e9ablement surpris, car le boulot abattu par les d\u00e9veloppeurs ces 10 derni\u00e8res ann\u00e9es est clairement \u00e9norme. \u00c7a para\u00eet b\u00eate maintenant, mais le support du japonais en ce qui concerne l&rsquo;UI est compl\u00e8tement fonctionnel et souvent install\u00e9 par d\u00e9faut.<\/p>\n<p>Surpris aussi du boulot effectu\u00e9 sur les interfaces graphiques, notamment Gnome avec Wayland, qui en fout plein la vue. Clairement, pour quelqu&rsquo;un qui passe 99% de son temps sur un navigateur sans avoir mes besoins, il FAUT se poser la question de passer sous Linux. Voire m\u00eame ne pas se poser la question du tout et t\u00e9l\u00e9charger imm\u00e9diatement l&rsquo;installeur d&rsquo;Ubuntu.<\/p>\n<p>J&rsquo;en ai pas parl\u00e9 non plus, mais beaucoup de distribs proposent des connexions Gmail\/Facebook\/NextCloud (framagenda&#8230;) et du coup on a acc\u00e8s \u00e0 tous ces services dans les outils de l&rsquo;OS.<\/p>\n<p>J&rsquo;ai aussi \u00e9t\u00e9 content de voir que les d\u00e9p\u00f4ts sont maintenant pr\u00e9sent\u00e9s sous une belle forme imm\u00e9diatement compr\u00e9hensibles, la palme revenant je pense \u00e0 Gnome3.<\/p>\n<h2><span class=\"ez-toc-section\" id=\"Hate_me\"><\/span>Hate me<span class=\"ez-toc-section-end\"><\/span><\/h2>\n<p>Et puis, j&rsquo;ai \u00e9t\u00e9 aussi horriblement d\u00e9\u00e7u l\u00e0 on je ne l&rsquo;attendais pas.<\/p>\n<p>La topbar de Gnome3, soyons clair, je trouve que c&rsquo;est une id\u00e9e de merde. Je sais pas qui l&rsquo;a pondue et qui peut d\u00e9cemment la soutenir.<\/p>\n<p>Apparemment \u00e7a venait d\u00e9j\u00e0 de Gnome 2, mais s\u00e9rieusement ? Une barre qui fait tout l&rsquo;\u00e9cran, inamovible, juste pour quatre boutons dont trois ne sont jamais utilis\u00e9s ? Revoyez vos priorit\u00e9s.<\/p>\n<p>D\u00e9\u00e7u aussi, m\u00eame si je suis \u00e9videmment pass\u00e9 outre, sur les installeurs qui font le taf dans le mauvais ordre (wifi PUIS layout du clavier). M\u00eame s&rsquo;ils sont globalement bien. La palme \u00e0 Fedora qui commence l&rsquo;installation en background alors qu&rsquo;on est encore en train de remplir les infos de comptes, et qui affiche le nom des langues dans chaque langue.<\/p>\n<p>D\u00e9\u00e7u de voir que deux distribs (KDE Neon et Solus MATE) n&rsquo;arrivent pas \u00e0 configurer correctement le clavier au login. La base.<br \/>\n\u00c9limin\u00e9s avant m\u00eame d&rsquo;avoir pu ouvrir la bouche. On est plus en 1998 les amis.<\/p>\n<p>Et puis \u00e9videmment, je suis d\u00e9\u00e7u \u00e0 un point incroyable des gestionnaires de fichiers et d&rsquo;archives.<\/p>\n<p>Les gestionnaires de fichiers, c&rsquo;est simple, il n&rsquo;y en a qu&rsquo;un qui tire son \u00e9pingle du jeu, c&rsquo;est Nemo, celui de Cinnamon. J&rsquo;ai m\u00eame tent\u00e9 Polo mais avec un mot sur deux mal orthographi\u00e9 en fran\u00e7ais, j&rsquo;ai pas insist\u00e9.<br \/>\nLe reste \u00e7a en met plein la vue mais fonctionnellement, c&rsquo;est tellement gal\u00e8re qu&rsquo;ils pourraient le rajouter en \u00e9preuve de Koh-Lanta. Et pourtant y&rsquo;a de la marge face \u00e0 Windows.<\/p>\n<figure id=\"attachment_1044\" aria-describedby=\"caption-attachment-1044\" style=\"width: 305px\" class=\"wp-caption aligncenter\"><a href=\"https:\/\/www.fenarinarsa.com\/wp-content\/nautilus.jpg\"><img loading=\"lazy\" decoding=\"async\" class=\"wp-image-1044\" src=\"https:\/\/www.fenarinarsa.com\/wp-content\/nautilus.jpg\" alt=\"\" width=\"305\" height=\"300\" srcset=\"https:\/\/www.fenarinarsa.com\/wp-content\/nautilus.jpg 524w, https:\/\/www.fenarinarsa.com\/wp-content\/nautilus-300x295.jpg 300w\" sizes=\"auto, (max-width: 305px) 100vw, 305px\" \/><\/a><figcaption id=\"caption-attachment-1044\" class=\"wp-caption-text\">Nautilus, le conseil a\u00a0d\u00e9cid\u00e9 de vous \u00e9liminer, et sa sentence est irr\u00e9vocable.<\/figcaption><\/figure>\n<p>&nbsp;<\/p>\n<p>Et puis les gestionnaires d&rsquo;archives&#8230;<\/p>\n<p>Je n&rsquo;ai pas de mots assez durs pour dire \u00e0 quel point ils sont nuls.<\/p>\n<p>La palme revenant \u00e0 File-Roller, qui a l&rsquo;air d&rsquo;\u00eatre le seul disponible dans tout le monde Linux puisqu&rsquo;il est install\u00e9 partout, mais qui est franchement incomplet.<br \/>\nOk vous voulez r\u00e9cup\u00e9rer les utilisateurs de Windows mais&#8230; vous savez qu&rsquo;on utilise WinRAR et pas le gestionnaire int\u00e9gr\u00e9 qui est \u00e0 chier ? (et encore il marche mieux que les v\u00f4tres)<\/p>\n<p>Et ensuite, tous, je dis bien TOUS, ne fonctionnent pas correctement sur des partages smb via les menus contextuels.<\/p>\n<p>La plupart sont d&rsquo;ailleurs tr\u00e8s lents quand ils marchent, car ils copient les fichiers en LOCAL pour les compresser, pour ensuite planter car c&rsquo;est du japonais ! Quelle blague !<\/p>\n<p>C&rsquo;est d&rsquo;autant plus risible que unar et lsar, qui sont \u00e0 la base des softs OS X, fonctionnent parfaitement sur un partage r\u00e9seau. Mais personne n&rsquo;a \u00e9t\u00e9 foutu d&rsquo;un faire un frontend sous Linux, et de toute fa\u00e7on la majorit\u00e9 des bureaux sont tout simplement trop gal\u00e8res \u00e0 configurer pour rajouter un \u00e9l\u00e9ment dans un menu contextuel. Je vous jure que j&rsquo;ai essay\u00e9, mais avec un troll de 3 ans dans les pattes, au bout de 10mn j&rsquo;ai syst\u00e9matiquement jet\u00e9 l&rsquo;\u00e9ponge. Je n&rsquo;ai pas le temps de reconfigurer vos choix de merde (surtout quand il y a 3 pages de tuto \u00e0 se taper pour \u00e7a), pour au final avoir un truc qui se lance en ligne de commande sans progression en UI&#8230; non merci.<\/p>\n<p>\u00c0 la base tout ceci vient apparemment du fait que les montage cifs (Windows) se font via samba dans des dossiers temporaires ou un syst\u00e8me de fichier virtuel (gvfs). J&rsquo;imagine que nfs marcherait mieux, ou que je pourrais faire des montages manuels mais encore une fois je veux pas changer toute ma config \u00e0 la maison pour m&rsquo;adapter \u00e0 Linux : c&rsquo;est Linux qui doit s&rsquo;adapter.<\/p>\n<p>On est en 2018. DEUX MILLE DIX HUIT. Tous les autres OS arrivent parfaitement \u00e0 compresser ou d\u00e9compresser directement sur des partages smb. Linux arrive \u00e0 monter dynamiquement n&rsquo;importe cl\u00e9 USB et tout fonctionne, mais pas un partage r\u00e9seau ? En plus sous Windows quand on installe un nouveau gestionnaire d&rsquo;archive, il va directement se coller dans le menu contextuel du gestionnaire de fichiers sans qu&rsquo;on ait \u00e0 aller configurer des trucs \u00e0 la main. D\u00e9merdez-vous pour avoir le m\u00eame niveau de fonctionnalit\u00e9.<\/p>\n<p>Un mot tout de m\u00eame sur Solus, en qui j&rsquo;avais bon espoir, mais l&rsquo;obligation de passer par leur d\u00e9p\u00f4ts (c&rsquo;est une distrib ind\u00e9pendante) et le manque de certains softs me fait craindre un blocage inattendu le jour o\u00f9 ils feront le choix de ne plus distribuer certains softs. On le voit ici avec Teamviewer qu&rsquo;ils ne distribuent plus depuis la version 11. En plus j&rsquo;ai eu quand m\u00eame certaines instabilit\u00e9s g\u00eanantes, et on a le choix qu&rsquo;entre Nautilus et Thunar et aucun des deux n&rsquo;offre un niveau satisfaisant de fonctionnalit\u00e9s de base.<\/p>\n<p>Et un dernier mot sur Linux Mint, qui \u00e9tait \u00e0 un doigt de remporter la palme malgr\u00e9 son UI assez spartiate (c&rsquo;est XP en plus joli, back to the future). Malheureusement en compression le gestionnaire d&rsquo;archive se casse les dents sur le NAS, et \u00e7a flicke de partout.<\/p>\n<p>Bref, c&rsquo;est avec regret que je me vois l&rsquo;obligation de rester sous Windows. \u00c0 dans&#8230; 10 ans ?<\/p>\n","protected":false},"excerpt":{"rendered":"<p>Il y a quelques semaines, je me suis demand\u00e9 pourquoi j&rsquo;\u00e9tais encore en train d&rsquo;utiliser Windows sur mon ordinateur personnel. tl;dr: je reste sous Windows car Linux est incapable de g\u00e9rer des archives correctement en r\u00e9seau. La plupart des choses que je fais \u00e0 la maison c&rsquo;est, en gros : Allez sur le net dire &hellip;<\/p>\n<p class=\"read-more\"> <a class=\"\" href=\"https:\/\/www.fenarinarsa.com\/?p=1032\"> <span class=\"screen-reader-text\">Let&rsquo;s Install Linux (conclusion)<\/span> Lire la suite\u00a0\u00bb<\/a><\/p>\n","protected":false},"author":2,"featured_media":0,"comment_status":"closed","ping_status":"open","sticky":false,"template":"","format":"standard","meta":{"rop_custom_images_group":[],"rop_custom_messages_group":[],"rop_publish_now":"initial","rop_publish_now_accounts":[],"rop_publish_now_history":[],"rop_publish_now_status":"pending","site-sidebar-layout":"default","site-content-layout":"default","ast-global-header-display":"","ast-banner-title-visibility":"","ast-main-header-display":"","ast-hfb-above-header-display":"","ast-hfb-below-header-display":"","ast-hfb-mobile-header-display":"","site-post-title":"","ast-breadcrumbs-content":"","ast-featured-img":"","footer-sml-layout":"","theme-transparent-header-meta":"","adv-header-id-meta":"","stick-header-meta":"","header-above-stick-meta":"","header-main-stick-meta":"","header-below-stick-meta":"","footnotes":""},"categories":[1],"tags":[],"class_list":["post-1032","post","type-post","status-publish","format-standard","hentry","category-general"],"yoast_head":"<!-- This site is optimized with the Yoast SEO plugin v27.2 - https:\/\/yoast.com\/product\/yoast-seo-wordpress\/ -->\n<title>Let&#039;s Install Linux (conclusion) - Coredump<\/title>\n<meta name=\"robots\" content=\"index, follow, max-snippet:-1, max-image-preview:large, max-video-preview:-1\" \/>\n<link rel=\"canonical\" href=\"https:\/\/www.fenarinarsa.com\/?p=1032\" \/>\n<meta property=\"og:locale\" content=\"fr_FR\" \/>\n<meta property=\"og:type\" content=\"article\" \/>\n<meta property=\"og:title\" content=\"Let&#039;s Install Linux (conclusion) - Coredump\" \/>\n<meta property=\"og:description\" content=\"Il y a quelques semaines, je me suis demand\u00e9 pourquoi j&rsquo;\u00e9tais encore en train d&rsquo;utiliser Windows sur mon ordinateur personnel. tl;dr: je reste sous Windows car Linux est incapable de g\u00e9rer des archives correctement en r\u00e9seau. La plupart des choses que je fais \u00e0 la maison c&rsquo;est, en gros : Allez sur le net dire &hellip; Let&rsquo;s Install Linux (conclusion) Lire la suite\u00a0\u00bb\" \/>\n<meta property=\"og:url\" content=\"https:\/\/www.fenarinarsa.com\/?p=1032\" \/>\n<meta property=\"og:site_name\" content=\"Coredump\" \/>\n<meta property=\"article:published_time\" content=\"2018-03-19T08:55:47+00:00\" \/>\n<meta property=\"article:modified_time\" content=\"2023-03-20T09:25:26+00:00\" \/>\n<meta property=\"og:image\" content=\"http:\/\/www.fenarinarsa.com\/wp-content\/nautilus.jpg\" \/>\n<meta name=\"author\" content=\"Cyril Lambin\" \/>\n<meta name=\"twitter:card\" content=\"summary_large_image\" \/>\n<meta name=\"twitter:creator\" content=\"@fenarinarsa\" \/>\n<meta name=\"twitter:site\" content=\"@fenarinarsa\" \/>\n<meta name=\"twitter:label1\" content=\"\u00c9crit par\" \/>\n\t<meta name=\"twitter:data1\" content=\"Cyril Lambin\" \/>\n\t<meta name=\"twitter:label2\" content=\"Dur\u00e9e de lecture estim\u00e9e\" \/>\n\t<meta name=\"twitter:data2\" content=\"27 minutes\" \/>\n<script type=\"application\/ld+json\" class=\"yoast-schema-graph\">{\"@context\":\"https:\/\/schema.org\",\"@graph\":[{\"@type\":\"Article\",\"@id\":\"https:\/\/www.fenarinarsa.com\/?p=1032#article\",\"isPartOf\":{\"@id\":\"https:\/\/www.fenarinarsa.com\/?p=1032\"},\"author\":{\"name\":\"Cyril Lambin\",\"@id\":\"https:\/\/www.fenarinarsa.com\/#\/schema\/person\/80a26199aabcf306072d581606fb24e4\"},\"headline\":\"Let&rsquo;s Install Linux (conclusion)\",\"datePublished\":\"2018-03-19T08:55:47+00:00\",\"dateModified\":\"2023-03-20T09:25:26+00:00\",\"mainEntityOfPage\":{\"@id\":\"https:\/\/www.fenarinarsa.com\/?p=1032\"},\"wordCount\":5715,\"image\":{\"@id\":\"https:\/\/www.fenarinarsa.com\/?p=1032#primaryimage\"},\"thumbnailUrl\":\"http:\/\/www.fenarinarsa.com\/wp-content\/nautilus.jpg\",\"articleSection\":[\"G\u00e9n\u00e9ral\"],\"inLanguage\":\"fr-FR\"},{\"@type\":\"WebPage\",\"@id\":\"https:\/\/www.fenarinarsa.com\/?p=1032\",\"url\":\"https:\/\/www.fenarinarsa.com\/?p=1032\",\"name\":\"Let's Install Linux (conclusion) - Coredump\",\"isPartOf\":{\"@id\":\"https:\/\/www.fenarinarsa.com\/#website\"},\"primaryImageOfPage\":{\"@id\":\"https:\/\/www.fenarinarsa.com\/?p=1032#primaryimage\"},\"image\":{\"@id\":\"https:\/\/www.fenarinarsa.com\/?p=1032#primaryimage\"},\"thumbnailUrl\":\"http:\/\/www.fenarinarsa.com\/wp-content\/nautilus.jpg\",\"datePublished\":\"2018-03-19T08:55:47+00:00\",\"dateModified\":\"2023-03-20T09:25:26+00:00\",\"author\":{\"@id\":\"https:\/\/www.fenarinarsa.com\/#\/schema\/person\/80a26199aabcf306072d581606fb24e4\"},\"breadcrumb\":{\"@id\":\"https:\/\/www.fenarinarsa.com\/?p=1032#breadcrumb\"},\"inLanguage\":\"fr-FR\",\"potentialAction\":[{\"@type\":\"ReadAction\",\"target\":[\"https:\/\/www.fenarinarsa.com\/?p=1032\"]}]},{\"@type\":\"ImageObject\",\"inLanguage\":\"fr-FR\",\"@id\":\"https:\/\/www.fenarinarsa.com\/?p=1032#primaryimage\",\"url\":\"http:\/\/www.fenarinarsa.com\/wp-content\/nautilus.jpg\",\"contentUrl\":\"http:\/\/www.fenarinarsa.com\/wp-content\/nautilus.jpg\"},{\"@type\":\"BreadcrumbList\",\"@id\":\"https:\/\/www.fenarinarsa.com\/?p=1032#breadcrumb\",\"itemListElement\":[{\"@type\":\"ListItem\",\"position\":1,\"name\":\"Accueil\",\"item\":\"https:\/\/www.fenarinarsa.com\/\"},{\"@type\":\"ListItem\",\"position\":2,\"name\":\"Let&rsquo;s Install Linux (conclusion)\"}]},{\"@type\":\"WebSite\",\"@id\":\"https:\/\/www.fenarinarsa.com\/#website\",\"url\":\"https:\/\/www.fenarinarsa.com\/\",\"name\":\"Coredump\",\"description\":\"Le blog de Fenarinarsa, le pays du bonheur et des oiseaux qui font cui-cui.\",\"potentialAction\":[{\"@type\":\"SearchAction\",\"target\":{\"@type\":\"EntryPoint\",\"urlTemplate\":\"https:\/\/www.fenarinarsa.com\/?s={search_term_string}\"},\"query-input\":{\"@type\":\"PropertyValueSpecification\",\"valueRequired\":true,\"valueName\":\"search_term_string\"}}],\"inLanguage\":\"fr-FR\"},{\"@type\":\"Person\",\"@id\":\"https:\/\/www.fenarinarsa.com\/#\/schema\/person\/80a26199aabcf306072d581606fb24e4\",\"name\":\"Cyril Lambin\",\"image\":{\"@type\":\"ImageObject\",\"inLanguage\":\"fr-FR\",\"@id\":\"https:\/\/secure.gravatar.com\/avatar\/c3c1a506ae7c6720c92de38fcb90b4a4cfd9210af4f94de3604bb07987384f5d?s=96&d=mm&r=g\",\"url\":\"https:\/\/secure.gravatar.com\/avatar\/c3c1a506ae7c6720c92de38fcb90b4a4cfd9210af4f94de3604bb07987384f5d?s=96&d=mm&r=g\",\"contentUrl\":\"https:\/\/secure.gravatar.com\/avatar\/c3c1a506ae7c6720c92de38fcb90b4a4cfd9210af4f94de3604bb07987384f5d?s=96&d=mm&r=g\",\"caption\":\"Cyril Lambin\"},\"sameAs\":[\"https:\/\/fenarinarsa.com\"],\"url\":\"https:\/\/www.fenarinarsa.com\/?author=2\"}]}<\/script>\n<!-- \/ Yoast SEO plugin. -->","yoast_head_json":{"title":"Let's Install Linux (conclusion) - Coredump","robots":{"index":"index","follow":"follow","max-snippet":"max-snippet:-1","max-image-preview":"max-image-preview:large","max-video-preview":"max-video-preview:-1"},"canonical":"https:\/\/www.fenarinarsa.com\/?p=1032","og_locale":"fr_FR","og_type":"article","og_title":"Let's Install Linux (conclusion) - Coredump","og_description":"Il y a quelques semaines, je me suis demand\u00e9 pourquoi j&rsquo;\u00e9tais encore en train d&rsquo;utiliser Windows sur mon ordinateur personnel. tl;dr: je reste sous Windows car Linux est incapable de g\u00e9rer des archives correctement en r\u00e9seau. La plupart des choses que je fais \u00e0 la maison c&rsquo;est, en gros : Allez sur le net dire &hellip; Let&rsquo;s Install Linux (conclusion) Lire la suite\u00a0\u00bb","og_url":"https:\/\/www.fenarinarsa.com\/?p=1032","og_site_name":"Coredump","article_published_time":"2018-03-19T08:55:47+00:00","article_modified_time":"2023-03-20T09:25:26+00:00","og_image":[{"url":"http:\/\/www.fenarinarsa.com\/wp-content\/nautilus.jpg","type":"","width":"","height":""}],"author":"Cyril Lambin","twitter_card":"summary_large_image","twitter_creator":"@fenarinarsa","twitter_site":"@fenarinarsa","twitter_misc":{"\u00c9crit par":"Cyril Lambin","Dur\u00e9e de lecture estim\u00e9e":"27 minutes"},"schema":{"@context":"https:\/\/schema.org","@graph":[{"@type":"Article","@id":"https:\/\/www.fenarinarsa.com\/?p=1032#article","isPartOf":{"@id":"https:\/\/www.fenarinarsa.com\/?p=1032"},"author":{"name":"Cyril Lambin","@id":"https:\/\/www.fenarinarsa.com\/#\/schema\/person\/80a26199aabcf306072d581606fb24e4"},"headline":"Let&rsquo;s Install Linux (conclusion)","datePublished":"2018-03-19T08:55:47+00:00","dateModified":"2023-03-20T09:25:26+00:00","mainEntityOfPage":{"@id":"https:\/\/www.fenarinarsa.com\/?p=1032"},"wordCount":5715,"image":{"@id":"https:\/\/www.fenarinarsa.com\/?p=1032#primaryimage"},"thumbnailUrl":"http:\/\/www.fenarinarsa.com\/wp-content\/nautilus.jpg","articleSection":["G\u00e9n\u00e9ral"],"inLanguage":"fr-FR"},{"@type":"WebPage","@id":"https:\/\/www.fenarinarsa.com\/?p=1032","url":"https:\/\/www.fenarinarsa.com\/?p=1032","name":"Let's Install Linux (conclusion) - Coredump","isPartOf":{"@id":"https:\/\/www.fenarinarsa.com\/#website"},"primaryImageOfPage":{"@id":"https:\/\/www.fenarinarsa.com\/?p=1032#primaryimage"},"image":{"@id":"https:\/\/www.fenarinarsa.com\/?p=1032#primaryimage"},"thumbnailUrl":"http:\/\/www.fenarinarsa.com\/wp-content\/nautilus.jpg","datePublished":"2018-03-19T08:55:47+00:00","dateModified":"2023-03-20T09:25:26+00:00","author":{"@id":"https:\/\/www.fenarinarsa.com\/#\/schema\/person\/80a26199aabcf306072d581606fb24e4"},"breadcrumb":{"@id":"https:\/\/www.fenarinarsa.com\/?p=1032#breadcrumb"},"inLanguage":"fr-FR","potentialAction":[{"@type":"ReadAction","target":["https:\/\/www.fenarinarsa.com\/?p=1032"]}]},{"@type":"ImageObject","inLanguage":"fr-FR","@id":"https:\/\/www.fenarinarsa.com\/?p=1032#primaryimage","url":"http:\/\/www.fenarinarsa.com\/wp-content\/nautilus.jpg","contentUrl":"http:\/\/www.fenarinarsa.com\/wp-content\/nautilus.jpg"},{"@type":"BreadcrumbList","@id":"https:\/\/www.fenarinarsa.com\/?p=1032#breadcrumb","itemListElement":[{"@type":"ListItem","position":1,"name":"Accueil","item":"https:\/\/www.fenarinarsa.com\/"},{"@type":"ListItem","position":2,"name":"Let&rsquo;s Install Linux (conclusion)"}]},{"@type":"WebSite","@id":"https:\/\/www.fenarinarsa.com\/#website","url":"https:\/\/www.fenarinarsa.com\/","name":"Coredump","description":"Le blog de Fenarinarsa, le pays du bonheur et des oiseaux qui font cui-cui.","potentialAction":[{"@type":"SearchAction","target":{"@type":"EntryPoint","urlTemplate":"https:\/\/www.fenarinarsa.com\/?s={search_term_string}"},"query-input":{"@type":"PropertyValueSpecification","valueRequired":true,"valueName":"search_term_string"}}],"inLanguage":"fr-FR"},{"@type":"Person","@id":"https:\/\/www.fenarinarsa.com\/#\/schema\/person\/80a26199aabcf306072d581606fb24e4","name":"Cyril Lambin","image":{"@type":"ImageObject","inLanguage":"fr-FR","@id":"https:\/\/secure.gravatar.com\/avatar\/c3c1a506ae7c6720c92de38fcb90b4a4cfd9210af4f94de3604bb07987384f5d?s=96&d=mm&r=g","url":"https:\/\/secure.gravatar.com\/avatar\/c3c1a506ae7c6720c92de38fcb90b4a4cfd9210af4f94de3604bb07987384f5d?s=96&d=mm&r=g","contentUrl":"https:\/\/secure.gravatar.com\/avatar\/c3c1a506ae7c6720c92de38fcb90b4a4cfd9210af4f94de3604bb07987384f5d?s=96&d=mm&r=g","caption":"Cyril Lambin"},"sameAs":["https:\/\/fenarinarsa.com"],"url":"https:\/\/www.fenarinarsa.com\/?author=2"}]}},"_links":{"self":[{"href":"https:\/\/www.fenarinarsa.com\/index.php?rest_route=\/wp\/v2\/posts\/1032","targetHints":{"allow":["GET"]}}],"collection":[{"href":"https:\/\/www.fenarinarsa.com\/index.php?rest_route=\/wp\/v2\/posts"}],"about":[{"href":"https:\/\/www.fenarinarsa.com\/index.php?rest_route=\/wp\/v2\/types\/post"}],"author":[{"embeddable":true,"href":"https:\/\/www.fenarinarsa.com\/index.php?rest_route=\/wp\/v2\/users\/2"}],"replies":[{"embeddable":true,"href":"https:\/\/www.fenarinarsa.com\/index.php?rest_route=%2Fwp%2Fv2%2Fcomments&post=1032"}],"version-history":[{"count":16,"href":"https:\/\/www.fenarinarsa.com\/index.php?rest_route=\/wp\/v2\/posts\/1032\/revisions"}],"predecessor-version":[{"id":1050,"href":"https:\/\/www.fenarinarsa.com\/index.php?rest_route=\/wp\/v2\/posts\/1032\/revisions\/1050"}],"wp:attachment":[{"href":"https:\/\/www.fenarinarsa.com\/index.php?rest_route=%2Fwp%2Fv2%2Fmedia&parent=1032"}],"wp:term":[{"taxonomy":"category","embeddable":true,"href":"https:\/\/www.fenarinarsa.com\/index.php?rest_route=%2Fwp%2Fv2%2Fcategories&post=1032"},{"taxonomy":"post_tag","embeddable":true,"href":"https:\/\/www.fenarinarsa.com\/index.php?rest_route=%2Fwp%2Fv2%2Ftags&post=1032"}],"curies":[{"name":"wp","href":"https:\/\/api.w.org\/{rel}","templated":true}]}}